{"id":887,"date":"2018-05-28T15:30:12","date_gmt":"2018-05-28T15:30:12","guid":{"rendered":"http:\/\/classics.report\/?p=887"},"modified":"2019-06-30T07:36:46","modified_gmt":"2019-06-30T07:36:46","slug":"911-targa-interior","status":"publish","type":"post","link":"https:\/\/classics.report\/?p=887","title":{"rendered":"911 Targa &#8211; Interior"},"content":{"rendered":"<h3><a href=\"https:\/\/classics.report\/wp-content\/uploads\/2018\/05\/20180531_085340x.jpg\"><img decoding=\"async\" loading=\"lazy\" class=\"alignnone size-large wp-image-6115\" src=\"https:\/\/classics.report\/wp-content\/uploads\/2018\/05\/20180531_085340x-1024x203.jpg\" alt=\"\" width=\"625\" height=\"124\" srcset=\"https:\/\/classics.report\/wp-content\/uploads\/2018\/05\/20180531_085340x-1024x203.jpg 1024w, https:\/\/classics.report\/wp-content\/uploads\/2018\/05\/20180531_085340x-300x59.jpg 300w, https:\/\/classics.report\/wp-content\/uploads\/2018\/05\/20180531_085340x-768x152.jpg 768w, https:\/\/classics.report\/wp-content\/uploads\/2018\/05\/20180531_085340x-624x124.jpg 624w\" sizes=\"(max-width: 625px) 100vw, 625px\" \/><\/a><a href=\"https:\/\/classics.report\/wp-content\/uploads\/2016\/03\/20180511_175912x.jpg\"><img decoding=\"async\" loading=\"lazy\" class=\"alignnone size-large wp-image-6050\" src=\"https:\/\/classics.report\/wp-content\/uploads\/2016\/03\/20180511_175912x-1024x458.jpg\" alt=\"\" width=\"625\" height=\"280\" srcset=\"https:\/\/classics.report\/wp-content\/uploads\/2016\/03\/20180511_175912x-1024x458.jpg 1024w, https:\/\/classics.report\/wp-content\/uploads\/2016\/03\/20180511_175912x-300x134.jpg 300w, https:\/\/classics.report\/wp-content\/uploads\/2016\/03\/20180511_175912x-768x344.jpg 768w, https:\/\/classics.report\/wp-content\/uploads\/2016\/03\/20180511_175912x-624x279.jpg 624w\" sizes=\"(max-width: 625px) 100vw, 625px\" \/><\/a><\/h3>\n<h3>Ich habe Zeit? Viel Zeit? Ja, ich mache jetzt die Innenausstattung fertig &#8230;.<\/h3>\n<p>Der 1971er Targa f\u00e4hrt gut, das neue Lackkleid gl\u00e4nzt! Aber bitte nicht n\u00e4her kommen, innen hat es noch etwas von <em>Hempels unter&#8217;m Sofa.<\/em> Ich muss mir jetzt einen Ruck geben. Das Projekt endlich auf die Zielgerade bringen &#8211; anfangen, einsteigen f\u00fcr ein stilvolles Einsteigen.<\/p>\n<p><a href=\"https:\/\/classics.report\/wp-content\/uploads\/2018\/05\/20180511_175941.jpg\"><img decoding=\"async\" loading=\"lazy\" class=\"alignnone size-full wp-image-6100\" src=\"https:\/\/classics.report\/wp-content\/uploads\/2018\/05\/20180511_175941.jpg\" alt=\"\" width=\"3264\" height=\"1836\" srcset=\"https:\/\/classics.report\/wp-content\/uploads\/2018\/05\/20180511_175941.jpg 3264w, https:\/\/classics.report\/wp-content\/uploads\/2018\/05\/20180511_175941-300x169.jpg 300w, https:\/\/classics.report\/wp-content\/uploads\/2018\/05\/20180511_175941-768x432.jpg 768w, https:\/\/classics.report\/wp-content\/uploads\/2018\/05\/20180511_175941-1024x576.jpg 1024w, https:\/\/classics.report\/wp-content\/uploads\/2018\/05\/20180511_175941-624x351.jpg 624w\" sizes=\"(max-width: 3264px) 100vw, 3264px\" \/><\/a><\/p>\n<p>Targa-Dichtungen (Dachdichtungen) einbauen. Neuware bestellt und montiert. Das war einfach!<\/p>\n<p><a href=\"https:\/\/classics.report\/wp-content\/uploads\/2016\/03\/20180529_101647.jpg\"><img decoding=\"async\" loading=\"lazy\" class=\"alignnone size-medium wp-image-6048\" src=\"https:\/\/classics.report\/wp-content\/uploads\/2016\/03\/20180529_101647-300x169.jpg\" alt=\"\" width=\"300\" height=\"169\" srcset=\"https:\/\/classics.report\/wp-content\/uploads\/2016\/03\/20180529_101647-300x169.jpg 300w, https:\/\/classics.report\/wp-content\/uploads\/2016\/03\/20180529_101647-768x432.jpg 768w, https:\/\/classics.report\/wp-content\/uploads\/2016\/03\/20180529_101647-1024x576.jpg 1024w, https:\/\/classics.report\/wp-content\/uploads\/2016\/03\/20180529_101647-624x351.jpg 624w\" sizes=\"(max-width: 300px) 100vw, 300px\" \/><\/a> <a href=\"https:\/\/classics.report\/wp-content\/uploads\/2016\/03\/IMG_5669.jpg\"><img decoding=\"async\" loading=\"lazy\" class=\"alignnone size-medium wp-image-6052\" src=\"https:\/\/classics.report\/wp-content\/uploads\/2016\/03\/IMG_5669-300x200.jpg\" alt=\"\" width=\"300\" height=\"200\" srcset=\"https:\/\/classics.report\/wp-content\/uploads\/2016\/03\/IMG_5669-300x200.jpg 300w, https:\/\/classics.report\/wp-content\/uploads\/2016\/03\/IMG_5669-768x512.jpg 768w, https:\/\/classics.report\/wp-content\/uploads\/2016\/03\/IMG_5669-1024x683.jpg 1024w, https:\/\/classics.report\/wp-content\/uploads\/2016\/03\/IMG_5669-624x416.jpg 624w, https:\/\/classics.report\/wp-content\/uploads\/2016\/03\/IMG_5669.jpg 1728w\" sizes=\"(max-width: 300px) 100vw, 300px\" \/><\/a><\/p>\n<p>Noch einfacher wird es bei den Sitzen. Da tausche ich das verschlissene, aufgerissene Ledergest\u00fchl gegen Polster aus einem anderen, baujahrgleichen Elfer, der mal Recaro-Rennschalen bekommen hat. Die damalige Einlagerung findet jetzt Verwendung &#8211; Teilleder mit schwarzem Cordsamt hei\u00dft die Kollektion. Und nichts kommt weg! Die Altsitze werden wieder eingelagert, sp\u00e4tere Aufarbeitung nicht ausgeschlossen. Porsche-Teile kann man bekanntlich <em>mit Gold aufwiegen &#8230;.<\/em><\/p>\n<p><em><a href=\"https:\/\/classics.report\/wp-content\/uploads\/2016\/03\/20180529_101503.jpg\"><img decoding=\"async\" loading=\"lazy\" class=\"alignnone size-large wp-image-6051\" src=\"https:\/\/classics.report\/wp-content\/uploads\/2016\/03\/20180529_101503-1024x576.jpg\" alt=\"\" width=\"625\" height=\"352\" srcset=\"https:\/\/classics.report\/wp-content\/uploads\/2016\/03\/20180529_101503-1024x576.jpg 1024w, https:\/\/classics.report\/wp-content\/uploads\/2016\/03\/20180529_101503-300x169.jpg 300w, https:\/\/classics.report\/wp-content\/uploads\/2016\/03\/20180529_101503-768x432.jpg 768w, https:\/\/classics.report\/wp-content\/uploads\/2016\/03\/20180529_101503-624x351.jpg 624w\" sizes=\"(max-width: 625px) 100vw, 625px\" \/><\/a><\/em><\/p>\n<h3>Ich habe Geld? Viel Geld? Dann kann ich alles neu bestellen im Porsche Classic-Shop &#8230;. \ud83d\ude42<\/h3>\n<p>Neuteilpreise nachgeschaut und erst einmal gestaunt &#8211; Beispiel T\u00fcrtaschen f\u00fcr <strong>eine<\/strong> Seite ohne die Stecktaschen vorn:<\/p>\n<p><a href=\"https:\/\/classics.report\/wp-content\/uploads\/2016\/03\/T\u00fcrtschen-1.jpg\"><img decoding=\"async\" loading=\"lazy\" class=\"alignnone size-full wp-image-6055\" src=\"https:\/\/classics.report\/wp-content\/uploads\/2016\/03\/T\u00fcrtschen-1.jpg\" alt=\"\" width=\"837\" height=\"209\" srcset=\"https:\/\/classics.report\/wp-content\/uploads\/2016\/03\/T\u00fcrtschen-1.jpg 837w, https:\/\/classics.report\/wp-content\/uploads\/2016\/03\/T\u00fcrtschen-1-300x75.jpg 300w, https:\/\/classics.report\/wp-content\/uploads\/2016\/03\/T\u00fcrtschen-1-768x192.jpg 768w, https:\/\/classics.report\/wp-content\/uploads\/2016\/03\/T\u00fcrtschen-1-624x156.jpg 624w\" sizes=\"(max-width: 837px) 100vw, 837px\" \/><\/a><\/p>\n<p><a href=\"https:\/\/classics.report\/wp-content\/uploads\/2016\/03\/IMG_5700.jpg\"><img decoding=\"async\" loading=\"lazy\" class=\"size-medium wp-image-6053 alignleft\" src=\"https:\/\/classics.report\/wp-content\/uploads\/2016\/03\/IMG_5700-300x200.jpg\" alt=\"\" width=\"300\" height=\"200\" srcset=\"https:\/\/classics.report\/wp-content\/uploads\/2016\/03\/IMG_5700-300x200.jpg 300w, https:\/\/classics.report\/wp-content\/uploads\/2016\/03\/IMG_5700-768x512.jpg 768w, https:\/\/classics.report\/wp-content\/uploads\/2016\/03\/IMG_5700-1024x683.jpg 1024w, https:\/\/classics.report\/wp-content\/uploads\/2016\/03\/IMG_5700-624x416.jpg 624w, https:\/\/classics.report\/wp-content\/uploads\/2016\/03\/IMG_5700.jpg 1728w\" sizes=\"(max-width: 300px) 100vw, 300px\" \/><\/a>Gepfeffert! Nie waren Entscheidungen leichter &#8211; der <em>alte Schrott (links altes Foto: Zustand beim Kauf)<\/em> muss sich also noch einmal als brauchbar erweisen. Eine Aufbereitung oder teilweise Neubespannung ist zumindest einen Versuch wert.<\/p>\n<p><a href=\"https:\/\/classics.report\/wp-content\/uploads\/2015\/07\/IMG_2811.jpg\"> <img decoding=\"async\" loading=\"lazy\" class=\"size-medium wp-image-893 alignleft\" src=\"https:\/\/classics.report\/wp-content\/uploads\/2015\/07\/IMG_2811-300x200.jpg\" alt=\"IMG_2811\" width=\"300\" height=\"200\" srcset=\"https:\/\/classics.report\/wp-content\/uploads\/2015\/07\/IMG_2811-300x200.jpg 300w, https:\/\/classics.report\/wp-content\/uploads\/2015\/07\/IMG_2811-1024x683.jpg 1024w, https:\/\/classics.report\/wp-content\/uploads\/2015\/07\/IMG_2811-624x416.jpg 624w, https:\/\/classics.report\/wp-content\/uploads\/2015\/07\/IMG_2811.jpg 1728w\" sizes=\"(max-width: 300px) 100vw, 300px\" \/><\/a><\/p>\n<p>Die T\u00fcrtafeln, Griffe und Armlehnen werden nach der Behandlung mit Pflegemittel wiederverwendet (linkes Foto: Neuaufbau). Das T\u00fcr\u00f6ffnen funktioniert schon einmal wieder von innen und die Fenster lassen sich auch kurbeln (Mechanik alt, Schacht- und Dreieckfensterdichtungen neu).<\/p>\n<p>F\u00fcr das neue Bezugsmaterial der seitlichen Taschen habe ich ein Tex-Leder mit (Porsche)-gleicher Feinnarbung ausgesucht, Meterware gekauft. Die Form(r\u00fcck)gebung der verbeulten Altware gelingt mit Hei\u00dfluft, das Verkleben und Spannen funktioniert mit Kontaktklebstoff in Sattlerqualit\u00e4t. F\u00fcr die Klappfunktion brauchte ich schlie\u00dflich noch einen neuen, <em>kabeldicken<\/em> Gummizug. Beschaffung in einem Fachmarkt, auch Meterware (-,79 Cent\/m, habe ich nur in wei\u00df bekommen).<\/p>\n<p><a href=\"https:\/\/classics.report\/wp-content\/uploads\/2016\/03\/20180529_114449.jpg\"><img decoding=\"async\" loading=\"lazy\" class=\"alignnone size-full wp-image-6060\" src=\"https:\/\/classics.report\/wp-content\/uploads\/2016\/03\/20180529_114449.jpg\" alt=\"\" width=\"4128\" height=\"2322\" srcset=\"https:\/\/classics.report\/wp-content\/uploads\/2016\/03\/20180529_114449.jpg 4128w, https:\/\/classics.report\/wp-content\/uploads\/2016\/03\/20180529_114449-300x169.jpg 300w, https:\/\/classics.report\/wp-content\/uploads\/2016\/03\/20180529_114449-768x432.jpg 768w, https:\/\/classics.report\/wp-content\/uploads\/2016\/03\/20180529_114449-1024x576.jpg 1024w, https:\/\/classics.report\/wp-content\/uploads\/2016\/03\/20180529_114449-624x351.jpg 624w\" sizes=\"(max-width: 4128px) 100vw, 4128px\" \/><\/a><\/p>\n<p>Bei der Montage fehlte mir die Erinnerung &#8211; das Strippen, der Ausbau lag schon zu lange zur\u00fcck (2009!). Wie muss alles angebracht werden und sitzen?\u00a0 Dieses Video im Netz half der Erinnerung auf die Spr\u00fcnge <strong>(Danke an Interior Classic 911 f\u00fcr die Bereitstellung der Bilder):<\/strong><\/p>\n<p><iframe loading=\"lazy\" src=\"https:\/\/www.youtube.com\/embed\/bU0L72ug7nU?rel=0&amp;showinfo=0\" width=\"560\" height=\"315\" frameborder=\"0\" allowfullscreen=\"allowfullscreen\"><\/iframe><\/p>\n<p><a href=\"https:\/\/classics.report\/wp-content\/uploads\/2018\/05\/20180530_153512.jpg\"><img decoding=\"async\" loading=\"lazy\" class=\"size-medium wp-image-6109 alignleft\" src=\"https:\/\/classics.report\/wp-content\/uploads\/2018\/05\/20180530_153512-300x169.jpg\" alt=\"\" width=\"300\" height=\"169\" srcset=\"https:\/\/classics.report\/wp-content\/uploads\/2018\/05\/20180530_153512-300x169.jpg 300w, https:\/\/classics.report\/wp-content\/uploads\/2018\/05\/20180530_153512-768x432.jpg 768w, https:\/\/classics.report\/wp-content\/uploads\/2018\/05\/20180530_153512-1024x576.jpg 1024w, https:\/\/classics.report\/wp-content\/uploads\/2018\/05\/20180530_153512-624x351.jpg 624w\" sizes=\"(max-width: 300px) 100vw, 300px\" \/><\/a>Hier mein Ergebnis mit den aufgearbeiteten Altteilen\/T\u00fcrtaschen (Foto links: Fahrerseite; Beifahrerseite als Videoschnipsel).<\/p>\n<p>Zeitaufwand (unge\u00fcbt) f\u00fcr beide Seiten max. 2 Tage, wenn man alle Teile beisammen hat.<iframe loading=\"lazy\" src=\"https:\/\/www.youtube.com\/embed\/grmXWFFKvNk?rel=0&amp;showinfo=0\" width=\"560\" height=\"315\" frameborder=\"0\" allowfullscreen=\"allowfullscreen\"><\/iframe><\/p>\n<h3>Teppich &#8211; Tepp ich? Schon wieder ich?<\/h3>\n<p>Da ist auch nicht mehr viel zu retten. Neuware beschaffen? Siehe im letzten Teil 5.<\/p>\n<hr \/>\n<p style=\"padding-left: 30px;\">Fortsetzungsgeschichte\u00a0 Teil\u00a0\u00a0 <a href=\"https:\/\/classics.report\/?p=621\"><span style=\"color: #ff6600;\">1<\/span><\/a>\u00a0\u00a0 <a href=\"https:\/\/classics.report\/?p=704\"><span style=\"color: #ff6600;\">2<\/span><\/a>\u00a0\u00a0 <a href=\"https:\/\/classics.report\/?p=828\"><span style=\"color: #ff6600;\">3<\/span><\/a> \u00a0 4 \u00a0 <a href=\"https:\/\/classics.report\/?p=7176\">5<\/a><\/p>\n<hr \/>\n","protected":false},"excerpt":{"rendered":"<p>Ich habe Zeit? Viel Zeit? Ja, ich mache jetzt die Innenausstattung fertig &#8230;. Der 1971er Targa f\u00e4hrt gut, das neue Lackkleid gl\u00e4nzt! Aber bitte nicht n\u00e4her kommen, innen hat es noch etwas von Hempels unter&#8217;m Sofa. Ich muss mir jetzt einen Ruck geben. Das Projekt endlich auf die Zielgerade bringen &#8211; anfangen, einsteigen f\u00fcr ein [&hellip;]<\/p>\n","protected":false},"author":1,"featured_media":0,"comment_status":"open","ping_status":"open","sticky":false,"template":"","format":"standard","meta":[],"categories":[21,11],"tags":[],"_links":{"self":[{"href":"https:\/\/classics.report\/index.php?rest_route=\/wp\/v2\/posts\/887"}],"collection":[{"href":"https:\/\/classics.report\/index.php?rest_route=\/wp\/v2\/posts"}],"about":[{"href":"https:\/\/classics.report\/index.php?rest_route=\/wp\/v2\/types\/post"}],"author":[{"embeddable":true,"href":"https:\/\/classics.report\/index.php?rest_route=\/wp\/v2\/users\/1"}],"replies":[{"embeddable":true,"href":"https:\/\/classics.report\/index.php?rest_route=%2Fwp%2Fv2%2Fcomments&post=887"}],"version-history":[{"count":64,"href":"https:\/\/classics.report\/index.php?rest_route=\/wp\/v2\/posts\/887\/revisions"}],"predecessor-version":[{"id":7773,"href":"https:\/\/classics.report\/index.php?rest_route=\/wp\/v2\/posts\/887\/revisions\/7773"}],"wp:attachment":[{"href":"https:\/\/classics.report\/index.php?rest_route=%2Fwp%2Fv2%2Fmedia&parent=887"}],"wp:term":[{"taxonomy":"category","embeddable":true,"href":"https:\/\/classics.report\/index.php?rest_route=%2Fwp%2Fv2%2Fcategories&post=887"},{"taxonomy":"post_tag","embeddable":true,"href":"https:\/\/classics.report\/index.php?rest_route=%2Fwp%2Fv2%2Ftags&post=887"}],"curies":[{"name":"wp","href":"https:\/\/api.w.org\/{rel}","templated":true}]}}