{"id":828,"date":"2015-06-20T07:34:29","date_gmt":"2015-06-20T07:34:29","guid":{"rendered":"http:\/\/classics.report\/?p=828"},"modified":"2019-07-01T07:25:07","modified_gmt":"2019-07-01T07:25:07","slug":"911-targa-wiederinbetriebnahme","status":"publish","type":"post","link":"https:\/\/classics.report\/?p=828","title":{"rendered":"911 Targa &#8211; Wiederinbetriebnahme"},"content":{"rendered":"<p>Ein Porsche 911 Targa (Modelljahr 1971) wurde nach 6 Jahren wieder in Betrieb geommen.<\/p>\n<p>Das <em>Lackkleid<\/em> war schon seit geraumer Zeit fertig, <em>aber der Elfer war bis dato noch nicht an der Reihe<\/em>, andere Oldtimerprojekte waren immer wichtiger und es fehlte auch etwas die Zeit. Seit der letzten Probefahrt in 2009 <em>hat ihm also keiner den Schl\u00fcssel gezeigt. <\/em>Gut &#8211; dazu h\u00e4tte es Batterien gebraucht. \ud83d\ude09<\/p>\n<p><a href=\"https:\/\/classics.report\/wp-content\/uploads\/2015\/06\/IMG_8887.jpg\"><img decoding=\"async\" loading=\"lazy\" class=\"alignnone size-medium wp-image-830\" src=\"https:\/\/classics.report\/wp-content\/uploads\/2015\/06\/IMG_8887-300x200.jpg\" alt=\"IMG_8887\" width=\"300\" height=\"200\" srcset=\"https:\/\/classics.report\/wp-content\/uploads\/2015\/06\/IMG_8887-300x200.jpg 300w, https:\/\/classics.report\/wp-content\/uploads\/2015\/06\/IMG_8887-1024x683.jpg 1024w, https:\/\/classics.report\/wp-content\/uploads\/2015\/06\/IMG_8887-624x416.jpg 624w, https:\/\/classics.report\/wp-content\/uploads\/2015\/06\/IMG_8887.jpg 1728w\" sizes=\"(max-width: 300px) 100vw, 300px\" \/><\/a><\/p>\n<p>Als ich den 911 dann aber Anfg. 2015 aus der Ecke holte, zeigte sich bei kritischer Betrachtung eine Stelle, wo der Lack hochkam. Der Lackierer hatte vor ca. 4 Jahren nicht richtig gearbeitet. Ausgerechnet unter dem hinteren Fenster, <strong>die Targa-Scheibe mu\u00dfte noch einmal raus.<\/strong> Der Ausbau war leicht, der Einbau der Scheibe hingegen war eine wirkliche <em>Prozedur! <\/em>Bis alle Dichtungen, Anschluss der Heckscheibenheizung, Targab\u00fcgel und Zierleisten wieder richtig sa\u00dfen und<em> das Auge aus allen Blickwinkeln zu 100% zufrieden war, <\/em>brauchte es mehrere H\u00e4nde, und Zeit. Mehere Anl\u00e4ufe waren notwendig. Besser noch man hat jemanden, der das schon einmal gemacht hat!\u00a0 Ganz wichtig dabei &#8211; das Glas darf unter keinen Umst\u00e4nden kaputt gehen, keine Ersatzteilversorgung. Scheibe derzeit nicht lieferbar!<\/p>\n<p>Das Bild zeigt die erneuten Schwei\u00df- und Lakierarbeiten am rechten Seitenteil.<\/p>\n<p>.<a href=\"https:\/\/classics.report\/wp-content\/uploads\/2015\/06\/P1070582-2.jpg\"><img decoding=\"async\" loading=\"lazy\" class=\"alignnone size-medium wp-image-834\" src=\"https:\/\/classics.report\/wp-content\/uploads\/2015\/06\/P1070582-2-300x225.jpg\" alt=\"P1070582 (2)\" width=\"300\" height=\"225\" srcset=\"https:\/\/classics.report\/wp-content\/uploads\/2015\/06\/P1070582-2-300x225.jpg 300w, https:\/\/classics.report\/wp-content\/uploads\/2015\/06\/P1070582-2-1024x768.jpg 1024w, https:\/\/classics.report\/wp-content\/uploads\/2015\/06\/P1070582-2-624x468.jpg 624w\" sizes=\"(max-width: 300px) 100vw, 300px\" \/><\/a><\/p>\n<p>Nachdem dieser kleine R\u00fcckschlag \u00fcberwunden war, sollte der Targa nun endlich wieder Benzin durch die Leitungen pumpen. Es war jetzt Juni 2015. Die eigentliche Wiederinbetriebnahme stand an &#8211; die Vorbereitungen dazu waren:<\/p>\n<ul>\n<li>neue Batterien 2 x 36 Amperestunden mit gleichzeitig Gewicht f\u00fcr die Vorderachse inkl. neuer Masseb\u00e4nder (im Bild die linke Batterieseite neben der ge\u00f6ffneten Sicherungsreihe),<\/li>\n<\/ul>\n<p style=\"padding-left: 30px;\"><a href=\"https:\/\/classics.report\/wp-content\/uploads\/2015\/06\/IMG_2796.jpg\"><img decoding=\"async\" loading=\"lazy\" class=\"alignnone size-medium wp-image-847\" src=\"https:\/\/classics.report\/wp-content\/uploads\/2015\/06\/IMG_2796-300x200.jpg\" alt=\"IMG_2796\" width=\"300\" height=\"200\" srcset=\"https:\/\/classics.report\/wp-content\/uploads\/2015\/06\/IMG_2796-300x200.jpg 300w, https:\/\/classics.report\/wp-content\/uploads\/2015\/06\/IMG_2796-1024x683.jpg 1024w, https:\/\/classics.report\/wp-content\/uploads\/2015\/06\/IMG_2796-624x416.jpg 624w, https:\/\/classics.report\/wp-content\/uploads\/2015\/06\/IMG_2796.jpg 1728w\" sizes=\"(max-width: 300px) 100vw, 300px\" \/><\/a><\/p>\n<ul>\n<li>neues 10W40-Oel mit Filterwechsel, eine Oelsiebreinigung inkl. neuer Dichtungen,<\/li>\n<li>ein neuer Luftfiltereinsatz,<\/li>\n<li>die Erneuerung der Motord\u00e4mmung (die alte Matte br\u00f6selte bereits in den Motorraum),<\/li>\n<li>neue Haubend\u00e4mpfer <em>(damit einem die Klappen nicht immer auf den Kopf fallen) und<br \/>\n<\/em><\/li>\n<li>frisch eingef\u00fclltes Benzin, ein neues Bezinfilter.<\/li>\n<\/ul>\n<p>Z\u00fcndkerzen und Verteiler hatte ich mir angeguckt und f\u00fcr gut befunden. Bremse hatte einen Druckpunkt, Kupplung schien auch okay zu sein &#8211; f\u00fcr eine erste Probefahrt sollte das reichen. Nach dieser knappen Sichtkontrolle hatte ich den Motor mit gezogenen Kerzensteckern ein wenig <em>orgeln<\/em> lassen, damit ein Oelfilm aufgebaut werden konnte. Nach einer solch langen Standzeit war das empfehlenswert, um nicht gleich Drehlzahl auf <em>trockene<\/em> Lagern und Wellen zu geben. Die Bezinpumpe summte, gut so. Dann der Start, die Z\u00fcndkerzenstecker waren jetzt gesteckt. Vorher noch etwas Startpilot in die offenen Vergaser gegeben, <em>er <\/em><em>sollte es leicht haben.<\/em><\/p>\n<p><a href=\"https:\/\/classics.report\/wp-content\/uploads\/2015\/06\/IMG_2785.jpg\"><img decoding=\"async\" loading=\"lazy\" class=\"alignnone size-medium wp-image-848\" src=\"https:\/\/classics.report\/wp-content\/uploads\/2015\/06\/IMG_2785-300x200.jpg\" alt=\"IMG_2785\" width=\"300\" height=\"200\" srcset=\"https:\/\/classics.report\/wp-content\/uploads\/2015\/06\/IMG_2785-300x200.jpg 300w, https:\/\/classics.report\/wp-content\/uploads\/2015\/06\/IMG_2785-1024x683.jpg 1024w, https:\/\/classics.report\/wp-content\/uploads\/2015\/06\/IMG_2785-624x416.jpg 624w, https:\/\/classics.report\/wp-content\/uploads\/2015\/06\/IMG_2785.jpg 1728w\" sizes=\"(max-width: 300px) 100vw, 300px\" \/><\/a><\/p>\n<p>Und &#8211; \u00fcberhaupt kein Problem, der Motor kam sofort nach \u00fcber 6 Jahren! Rest-\u00a0 bzw. Sickeroel verbrannte in den Zylinderr\u00e4umen der Boxerkonstruktion und die ersten Abgase waren deutlich und blau. Alles klingt gut <em>und geschmiert<\/em>, alle Zylinder arbeiten und er nahm das Gas gut an. Nach ein paar hundert Metern war das Ausbl\u00e4uen vorbei. Er lie\u00df sich tats\u00e4chlich noch fahren, Bremsen waren nicht fest, die G\u00e4nge der M-Schaltung waren einfach einzulegen, es zeigten sich keine Oelundichtigkeiten nach der W\u00e4rmephase &#8211; <em>ein robustes St\u00fcck Eisen!<\/em><\/p>\n<p><a href=\"https:\/\/classics.report\/wp-content\/uploads\/2015\/06\/IMG_2806.jpg\"><img decoding=\"async\" loading=\"lazy\" class=\"alignnone size-medium wp-image-878\" src=\"https:\/\/classics.report\/wp-content\/uploads\/2015\/06\/IMG_2806-300x200.jpg\" alt=\"IMG_2806\" width=\"300\" height=\"200\" srcset=\"https:\/\/classics.report\/wp-content\/uploads\/2015\/06\/IMG_2806-300x200.jpg 300w, https:\/\/classics.report\/wp-content\/uploads\/2015\/06\/IMG_2806-1024x683.jpg 1024w, https:\/\/classics.report\/wp-content\/uploads\/2015\/06\/IMG_2806-624x416.jpg 624w, https:\/\/classics.report\/wp-content\/uploads\/2015\/06\/IMG_2806.jpg 1728w\" sizes=\"(max-width: 300px) 100vw, 300px\" \/><\/a><a href=\"https:\/\/classics.report\/wp-content\/uploads\/2015\/06\/IMG_2787.jpg\"> <img decoding=\"async\" loading=\"lazy\" class=\"alignnone size-medium wp-image-849\" src=\"https:\/\/classics.report\/wp-content\/uploads\/2015\/06\/IMG_2787-300x200.jpg\" alt=\"IMG_2787\" width=\"300\" height=\"200\" srcset=\"https:\/\/classics.report\/wp-content\/uploads\/2015\/06\/IMG_2787-300x200.jpg 300w, https:\/\/classics.report\/wp-content\/uploads\/2015\/06\/IMG_2787-1024x683.jpg 1024w, https:\/\/classics.report\/wp-content\/uploads\/2015\/06\/IMG_2787-624x416.jpg 624w, https:\/\/classics.report\/wp-content\/uploads\/2015\/06\/IMG_2787.jpg 1728w\" sizes=\"(max-width: 300px) 100vw, 300px\" \/><\/a><\/p>\n<p>Der Oeldruckschalter h\u00e4ngt noch &#8211; oder was ist los? Nein, nur die elektr. Kontakte waren nicht gesteckt &#8211; alles gut, alles normal. Vergaserpatschen hat er noch, aber dazu m\u00fcssen die Zenith-Dreifachvergaser vom Typ 40 TIN neu synchronisiert werden &#8211; soll in den n\u00e4chsten Tagen erledigt werden.<\/p>\n<p><a href=\"https:\/\/classics.report\/wp-content\/uploads\/2015\/06\/IMG_2791.jpg\"><img decoding=\"async\" loading=\"lazy\" class=\"alignnone size-medium wp-image-846\" src=\"https:\/\/classics.report\/wp-content\/uploads\/2015\/06\/IMG_2791-300x200.jpg\" alt=\"IMG_2791\" width=\"300\" height=\"200\" srcset=\"https:\/\/classics.report\/wp-content\/uploads\/2015\/06\/IMG_2791-300x200.jpg 300w, https:\/\/classics.report\/wp-content\/uploads\/2015\/06\/IMG_2791-1024x683.jpg 1024w, https:\/\/classics.report\/wp-content\/uploads\/2015\/06\/IMG_2791-624x416.jpg 624w, https:\/\/classics.report\/wp-content\/uploads\/2015\/06\/IMG_2791.jpg 1728w\" sizes=\"(max-width: 300px) 100vw, 300px\" \/><\/a><\/p>\n<hr \/>\n<p style=\"padding-left: 30px;\">Fortsetzungsgeschichte Teil\u00a0 <a href=\"https:\/\/classics.report\/?p=621\"><span style=\"color: #ff6600;\">1<\/span><\/a>\u00a0 \u00a0<a href=\"https:\/\/classics.report\/?p=704\"><span style=\"color: #ff6600;\">2<\/span><\/a>\u00a0 \u00a03\u00a0\u00a0 <a href=\"https:\/\/classics.report\/?p=887\"><span style=\"color: #ff6600;\">4<\/span><\/a><span style=\"color: #ff6600;\">\u00a0\u00a0 <a href=\"https:\/\/classics.report\/?p=7176\">5<\/a><\/span><\/p>\n<hr \/>\n","protected":false},"excerpt":{"rendered":"<p>Ein Porsche 911 Targa (Modelljahr 1971) wurde nach 6 Jahren wieder in Betrieb geommen. Das Lackkleid war schon seit geraumer Zeit fertig, aber der Elfer war bis dato noch nicht an der Reihe, andere Oldtimerprojekte waren immer wichtiger und es fehlte auch etwas die Zeit. Seit der letzten Probefahrt in 2009 hat ihm also keiner [&hellip;]<\/p>\n","protected":false},"author":1,"featured_media":0,"comment_status":"open","ping_status":"open","sticky":false,"template":"","format":"standard","meta":[],"categories":[21,11],"tags":[],"_links":{"self":[{"href":"https:\/\/classics.report\/index.php?rest_route=\/wp\/v2\/posts\/828"}],"collection":[{"href":"https:\/\/classics.report\/index.php?rest_route=\/wp\/v2\/posts"}],"about":[{"href":"https:\/\/classics.report\/index.php?rest_route=\/wp\/v2\/types\/post"}],"author":[{"embeddable":true,"href":"https:\/\/classics.report\/index.php?rest_route=\/wp\/v2\/users\/1"}],"replies":[{"embeddable":true,"href":"https:\/\/classics.report\/index.php?rest_route=%2Fwp%2Fv2%2Fcomments&post=828"}],"version-history":[{"count":54,"href":"https:\/\/classics.report\/index.php?rest_route=\/wp\/v2\/posts\/828\/revisions"}],"predecessor-version":[{"id":7785,"href":"https:\/\/classics.report\/index.php?rest_route=\/wp\/v2\/posts\/828\/revisions\/7785"}],"wp:attachment":[{"href":"https:\/\/classics.report\/index.php?rest_route=%2Fwp%2Fv2%2Fmedia&parent=828"}],"wp:term":[{"taxonomy":"category","embeddable":true,"href":"https:\/\/classics.report\/index.php?rest_route=%2Fwp%2Fv2%2Fcategories&post=828"},{"taxonomy":"post_tag","embeddable":true,"href":"https:\/\/classics.report\/index.php?rest_route=%2Fwp%2Fv2%2Ftags&post=828"}],"curies":[{"name":"wp","href":"https:\/\/api.w.org\/{rel}","templated":true}]}}