{"id":7906,"date":"2020-08-24T09:33:19","date_gmt":"2020-08-24T09:33:19","guid":{"rendered":"http:\/\/classics.report\/?p=7906"},"modified":"2023-08-20T13:16:38","modified_gmt":"2023-08-20T13:16:38","slug":"der-tl-von-1967-verlaesst-die-autosammlung","status":"publish","type":"post","link":"https:\/\/classics.report\/?p=7906","title":{"rendered":"Der 1600 TL von 1967 verl\u00e4sst die Autosammlung"},"content":{"rendered":"\n<figure class=\"wp-block-image\"><img decoding=\"async\" loading=\"lazy\" width=\"1024\" height=\"576\" src=\"https:\/\/classics.report\/wp-content\/uploads\/2020\/08\/20150308_152359-1024x576.jpg\" alt=\"\" class=\"wp-image-7912\" srcset=\"https:\/\/classics.report\/wp-content\/uploads\/2020\/08\/20150308_152359-1024x576.jpg 1024w, https:\/\/classics.report\/wp-content\/uploads\/2020\/08\/20150308_152359-300x169.jpg 300w, https:\/\/classics.report\/wp-content\/uploads\/2020\/08\/20150308_152359-768x432.jpg 768w, https:\/\/classics.report\/wp-content\/uploads\/2020\/08\/20150308_152359-624x351.jpg 624w, https:\/\/classics.report\/wp-content\/uploads\/2020\/08\/20150308_152359.jpg 1280w\" sizes=\"(max-width: 1024px) 100vw, 1024px\" \/><\/figure>\n\n\n\n<p>blaues Flie\u00dfheck VW, blaues Coup\u00e9 Porsche<\/p>\n\n\n\n<p>2014 habe ich den Typ 3 gekauft, vor 6 Jahren. Und jetzt die unglaubliche Bilanz nach dieser Zeit &#8211; 130 km haben wir an gemeinsamer Wegstrecke geschafft. War die Fastback-Limousine defekt oder hatte sie eine langwierige Restauration zu erdulden, bei der nichts fahrbereit war, wo ich auf Ersatzteile wartete? NEIN. Anders gefragt: Kann es sein, dass ich zu viele Autos habe? JA.<\/p>\n\n\n<div class=\"wp-block-image\">\n<figure class=\"alignright is-resized\"><a href=\"blob:https:\/\/classics.report\/95def6d5-0e2a-41d0-9b95-a72c770ec588\"><img decoding=\"async\" loading=\"lazy\" src=\"https:\/\/classics.report\/wp-content\/uploads\/2020\/08\/DSC07564xx-849x1024.jpg\" alt=\"\" class=\"wp-image-7915\" width=\"425\" height=\"512\" srcset=\"https:\/\/classics.report\/wp-content\/uploads\/2020\/08\/DSC07564xx-849x1024.jpg 849w, https:\/\/classics.report\/wp-content\/uploads\/2020\/08\/DSC07564xx-249x300.jpg 249w, https:\/\/classics.report\/wp-content\/uploads\/2020\/08\/DSC07564xx-768x927.jpg 768w, https:\/\/classics.report\/wp-content\/uploads\/2020\/08\/DSC07564xx-624x753.jpg 624w\" sizes=\"(max-width: 425px) 100vw, 425px\" \/><\/a><figcaption class=\"wp-element-caption\">Daten des VW 1600 TL (Typ 31)<\/figcaption><\/figure><\/div>\n\n\n<p>Autoliebhaber haben immer neue Ideen, neue Motive die Sammlung zu erweitern, zu verkleinern, zu ver\u00e4ndern. Aber, es muss alles einen Sinn haben, Autos m\u00fcssen gefahren werden! So ist zumindest meine Meinung. Das ist schon dem Namen Auto<em>mobil<\/em> geschuldet. Mit dem VW 1600 TL ist mir das offensichtlich nicht gelungen. Ist das schon das Chaos, bin ich ein Auto-Messie? Schnell nach der Definition f\u00fcr einen Messie ge-googled. Erfreulicherweise, erleichterterweise steht da folgenes:<em> Messie &#8230; zwanghaftes Horten von wertlosen Dingen und dabei den \u00dcberblick verlierend.  <\/em>Ach woher, trifft ja alles nicht zu &#8211; pah!<\/p>\n\n\n\n<figure class=\"wp-block-image\"><img decoding=\"async\" loading=\"lazy\" width=\"1024\" height=\"576\" src=\"https:\/\/classics.report\/wp-content\/uploads\/2020\/08\/DSC07638-1024x576.jpg\" alt=\"\" class=\"wp-image-7913\" srcset=\"https:\/\/classics.report\/wp-content\/uploads\/2020\/08\/DSC07638-1024x576.jpg 1024w, https:\/\/classics.report\/wp-content\/uploads\/2020\/08\/DSC07638-300x169.jpg 300w, https:\/\/classics.report\/wp-content\/uploads\/2020\/08\/DSC07638-768x432.jpg 768w, https:\/\/classics.report\/wp-content\/uploads\/2020\/08\/DSC07638-624x351.jpg 624w\" sizes=\"(max-width: 1024px) 100vw, 1024px\" \/><\/figure>\n\n\n\n<p>Trotzdem, den Schritt in Richtung Verkauf zu gehen ist entschieden: Ich trenne mich von den &#8222;Sch\u00e4tzchen&#8220;, die ich schlechthin nicht bewege. Das Kriterium l\u00e4sst sich wei\u00df-auf-schwarz an den mechanischen Fahrstreckenz\u00e4hlern der Oldtimer ablesen, der blaue TL (die <strong>t<\/strong>raurige<strong> L<\/strong>\u00f6sung) f\u00e4llt hier besonders auf, zu wenige Kilometer bewegt, er ist jetzt ausgez\u00e4hlt. <\/p>\n\n\n\n<p>In diesen Tagen drehe ich das Verkaufs-Video. F\u00fcr solche Autos sucht man nach Liebhabern. Und es gelingt. Die Anfrage ist gro\u00df, das h\u00e4tte ich nicht einmal erwartet.<\/p>\n\n\n\n<figure class=\"wp-block-embed is-type-video is-provider-youtube wp-block-embed-youtube wp-embed-aspect-16-9 wp-has-aspect-ratio\"><div class=\"wp-block-embed__wrapper\">\n<iframe loading=\"lazy\" width=\"625\" height=\"352\" src=\"https:\/\/www.youtube.com\/embed\/Ra1RmbzMPV8?feature=oembed\" frameborder=\"0\" allow=\"accelerometer; autoplay; encrypted-media; gyroscope; picture-in-picture\" allowfullscreen><\/iframe>\n<\/div><figcaption class=\"wp-element-caption\">Verkaufsvideo im August 2020, u.a. auch ein historischer Volkswagen-Werbeclip f\u00fcr den US-Markt eingespielt<\/figcaption><\/figure>\n\n\n\n<figure class=\"wp-block-image\"><img decoding=\"async\" loading=\"lazy\" width=\"1024\" height=\"576\" src=\"https:\/\/classics.report\/wp-content\/uploads\/2020\/08\/xxDSC07661-1024x576.jpg\" alt=\"\" class=\"wp-image-7934\" srcset=\"https:\/\/classics.report\/wp-content\/uploads\/2020\/08\/xxDSC07661-1024x576.jpg 1024w, https:\/\/classics.report\/wp-content\/uploads\/2020\/08\/xxDSC07661-300x169.jpg 300w, https:\/\/classics.report\/wp-content\/uploads\/2020\/08\/xxDSC07661-768x432.jpg 768w, https:\/\/classics.report\/wp-content\/uploads\/2020\/08\/xxDSC07661-624x351.jpg 624w\" sizes=\"(max-width: 1024px) 100vw, 1024px\" \/><\/figure>\n\n\n\n<figure class=\"wp-block-image\"><img decoding=\"async\" loading=\"lazy\" width=\"1024\" height=\"576\" src=\"https:\/\/classics.report\/wp-content\/uploads\/2020\/08\/xxDSC07625-1024x576.jpg\" alt=\"\" class=\"wp-image-7935\" srcset=\"https:\/\/classics.report\/wp-content\/uploads\/2020\/08\/xxDSC07625-1024x576.jpg 1024w, https:\/\/classics.report\/wp-content\/uploads\/2020\/08\/xxDSC07625-300x169.jpg 300w, https:\/\/classics.report\/wp-content\/uploads\/2020\/08\/xxDSC07625-768x432.jpg 768w, https:\/\/classics.report\/wp-content\/uploads\/2020\/08\/xxDSC07625-624x351.jpg 624w\" sizes=\"(max-width: 1024px) 100vw, 1024px\" \/><\/figure>\n","protected":false},"excerpt":{"rendered":"<p>blaues Flie\u00dfheck VW, blaues Coup\u00e9 Porsche 2014 habe ich den Typ 3 gekauft, vor 6 Jahren. Und jetzt die unglaubliche Bilanz nach dieser Zeit &#8211; 130 km haben wir an gemeinsamer Wegstrecke geschafft. War die Fastback-Limousine defekt oder hatte sie eine langwierige Restauration zu erdulden, bei der nichts fahrbereit war, wo ich auf Ersatzteile wartete? [&hellip;]<\/p>\n","protected":false},"author":1,"featured_media":0,"comment_status":"open","ping_status":"open","sticky":false,"template":"","format":"standard","meta":[],"categories":[32,10],"tags":[],"_links":{"self":[{"href":"https:\/\/classics.report\/index.php?rest_route=\/wp\/v2\/posts\/7906"}],"collection":[{"href":"https:\/\/classics.report\/index.php?rest_route=\/wp\/v2\/posts"}],"about":[{"href":"https:\/\/classics.report\/index.php?rest_route=\/wp\/v2\/types\/post"}],"author":[{"embeddable":true,"href":"https:\/\/classics.report\/index.php?rest_route=\/wp\/v2\/users\/1"}],"replies":[{"embeddable":true,"href":"https:\/\/classics.report\/index.php?rest_route=%2Fwp%2Fv2%2Fcomments&post=7906"}],"version-history":[{"count":27,"href":"https:\/\/classics.report\/index.php?rest_route=\/wp\/v2\/posts\/7906\/revisions"}],"predecessor-version":[{"id":8591,"href":"https:\/\/classics.report\/index.php?rest_route=\/wp\/v2\/posts\/7906\/revisions\/8591"}],"wp:attachment":[{"href":"https:\/\/classics.report\/index.php?rest_route=%2Fwp%2Fv2%2Fmedia&parent=7906"}],"wp:term":[{"taxonomy":"category","embeddable":true,"href":"https:\/\/classics.report\/index.php?rest_route=%2Fwp%2Fv2%2Fcategories&post=7906"},{"taxonomy":"post_tag","embeddable":true,"href":"https:\/\/classics.report\/index.php?rest_route=%2Fwp%2Fv2%2Ftags&post=7906"}],"curies":[{"name":"wp","href":"https:\/\/api.w.org\/{rel}","templated":true}]}}