{"id":7601,"date":"2019-04-15T15:46:39","date_gmt":"2019-04-15T15:46:39","guid":{"rendered":"http:\/\/classics.report\/?p=7601"},"modified":"2019-04-19T13:04:22","modified_gmt":"2019-04-19T13:04:22","slug":"techno-classica-2019-messe-highlight-50-jahre-914","status":"publish","type":"post","link":"https:\/\/classics.report\/?p=7601","title":{"rendered":"Techno Classica 2019 &#8211; Messe-Highlight &#8211; 50 Jahre 914"},"content":{"rendered":"<figure class=\"wp-block-image\"><img decoding=\"async\" loading=\"lazy\" width=\"1024\" height=\"576\" class=\"wp-image-7612\" src=\"https:\/\/classics.report\/wp-content\/uploads\/2019\/04\/DSC00419-1024x576.jpg\" alt=\"\" srcset=\"https:\/\/classics.report\/wp-content\/uploads\/2019\/04\/DSC00419-1024x576.jpg 1024w, https:\/\/classics.report\/wp-content\/uploads\/2019\/04\/DSC00419-300x169.jpg 300w, https:\/\/classics.report\/wp-content\/uploads\/2019\/04\/DSC00419-768x432.jpg 768w, https:\/\/classics.report\/wp-content\/uploads\/2019\/04\/DSC00419-624x351.jpg 624w\" sizes=\"(max-width: 1024px) 100vw, 1024px\" \/><\/figure>\n\n<p>50 Jahre Porsche 914 &#8211; da habe ich in diesem Jahr auch ein Glanzst\u00fcck am Porsche-Stand in Essen erwartet! Aus dem Museum in Stuttgart mitgebracht war der 914 006 bzw. 914\/8 oder auch 914 S, der in Zell am See zum 60. Geburtstag an Ferry Porsche<em> ausgeliefert<\/em> wurde.<\/p>\n\n<blockquote class=\"wp-block-quote\"><p>&#8222;Ich kaufe nie ein Auto &#8211; ich warte immer auf einen runden Geburtstag, dann bekomme ich einen Wagen geschenkt.&#8220;<\/p><cite>Ferry Porsche<\/cite><\/blockquote>\n\n<figure class=\"wp-block-image\"><a href=\"https:\/\/classics.report\/wp-content\/uploads\/2019\/04\/DSC00429x.jpg\"><img decoding=\"async\" loading=\"lazy\" width=\"1024\" height=\"499\" class=\"wp-image-7614\" src=\"https:\/\/classics.report\/wp-content\/uploads\/2019\/04\/DSC00429x-1024x499.jpg\" alt=\"\" srcset=\"https:\/\/classics.report\/wp-content\/uploads\/2019\/04\/DSC00429x-1024x499.jpg 1024w, https:\/\/classics.report\/wp-content\/uploads\/2019\/04\/DSC00429x-300x146.jpg 300w, https:\/\/classics.report\/wp-content\/uploads\/2019\/04\/DSC00429x-768x374.jpg 768w, https:\/\/classics.report\/wp-content\/uploads\/2019\/04\/DSC00429x-624x304.jpg 624w\" sizes=\"(max-width: 1024px) 100vw, 1024px\" \/><\/a><\/figure>\n\n<figure class=\"wp-block-image\"><img decoding=\"async\" loading=\"lazy\" width=\"1024\" height=\"363\" class=\"wp-image-7605\" src=\"https:\/\/classics.report\/wp-content\/uploads\/2019\/04\/DSC00435x-1024x363.jpg\" alt=\"\" srcset=\"https:\/\/classics.report\/wp-content\/uploads\/2019\/04\/DSC00435x-1024x363.jpg 1024w, https:\/\/classics.report\/wp-content\/uploads\/2019\/04\/DSC00435x-300x106.jpg 300w, https:\/\/classics.report\/wp-content\/uploads\/2019\/04\/DSC00435x-768x272.jpg 768w, https:\/\/classics.report\/wp-content\/uploads\/2019\/04\/DSC00435x-624x221.jpg 624w\" sizes=\"(max-width: 1024px) 100vw, 1024px\" \/><figcaption>Messebeschriftung [914 S]<\/figcaption><\/figure>\n\n<figure class=\"wp-block-image\"><a href=\"blob:https:\/\/classics.report\/4fd6d9d5-1c3b-49fd-9b44-5b584a4d6679\"><img decoding=\"async\" loading=\"lazy\" width=\"1024\" height=\"576\" class=\"wp-image-7646\" src=\"https:\/\/classics.report\/wp-content\/uploads\/2019\/04\/DSC00438-1024x576.jpg\" alt=\"\" srcset=\"https:\/\/classics.report\/wp-content\/uploads\/2019\/04\/DSC00438-1024x576.jpg 1024w, https:\/\/classics.report\/wp-content\/uploads\/2019\/04\/DSC00438-300x169.jpg 300w, https:\/\/classics.report\/wp-content\/uploads\/2019\/04\/DSC00438-768x432.jpg 768w, https:\/\/classics.report\/wp-content\/uploads\/2019\/04\/DSC00438-624x351.jpg 624w\" sizes=\"(max-width: 1024px) 100vw, 1024px\" \/><\/a><\/figure>\n\n<div class=\"wp-block-image\"><figure class=\"alignleft\"><img decoding=\"async\" loading=\"lazy\" width=\"244\" height=\"300\" class=\"wp-image-7606\" src=\"https:\/\/classics.report\/wp-content\/uploads\/2019\/04\/DSC00434x-244x300.jpg\" alt=\"\" srcset=\"https:\/\/classics.report\/wp-content\/uploads\/2019\/04\/DSC00434x-244x300.jpg 244w, https:\/\/classics.report\/wp-content\/uploads\/2019\/04\/DSC00434x-768x943.jpg 768w, https:\/\/classics.report\/wp-content\/uploads\/2019\/04\/DSC00434x-834x1024.jpg 834w, https:\/\/classics.report\/wp-content\/uploads\/2019\/04\/DSC00434x-624x766.jpg 624w\" sizes=\"(max-width: 244px) 100vw, 244px\" \/><figcaption>Messebeschriftung [914 S]<\/figcaption><\/figure><\/div>\n\n<p>Der 3-Liter-Achtzylinder-Motor im Geburtstags-Auto geh\u00f6rte eigentlich in den 908\/3-Spyder-Rennwagen bzw. Sport-Prototyp der Gruppe 6, den Porsche 1968 f\u00fcr die Sportwagen-Weltmeisterschaft konstruierte. Wer jetzt denkt, der Neffe wollte dem Onkel eine gro\u00dfe Freude machen, hat vermutlich recht. Aber Pi\u00ebch, damals auch Verantwortlicher f\u00fcr die Rennaktivit\u00e4ten bei Porsche, hatte ebenso einen Coup <em>gelandet<\/em>. Die Konstruktion 914 war f\u00fcr einen 3-Liter-Rennmotor geeignet, was zu beweisen war. Parallel zur Spezialanfertigung f\u00fcr den Onkel hatte Ferdinand Pi\u00ebch ebenso ein 8-Zylinder-Versuchsfahrzeug mit 300 PS und sagenhaften 8.200 U\/min. bauen lassen. Aus dem Porsche-Einsteiger-Modell konnte man also einen Renn-Boliden machen. Auf diese Erkenntnis gest\u00fctzt, entstanden im Anschluss die sog. 6-Zylinder-914-<strong>Werks<\/strong>-GT (ein weiterer Prototyp 180 PS und 10 GT-Wagen mit 190 bzw. 210 PS).<\/p>\n\n<p><em>Wer kein Porsche war und auch gerade nicht Geburtstag hatte<\/em>, durfte sich ab 1969 den Mittelmotorwagen in der leistungsst\u00e4rksten 6-Zylinder-Variante (serienm. 110 PS) bestellen. Immerhin war der 911-T-Motor im 914 mit 19.980 DM zu berappen &#8211; kein Einsteiger-Preis mehr.<\/p>\n\n<p><em>Normalos<\/em>, 914-Kunden ohne Rennambitionen fuhren ohnehin die 1,7 Liter-Vierzylinder-Wagen (80 PS), die 1969 zum Preis von 12.560 DM an den Start gingen.<\/p>\n\n<figure class=\"wp-block-image\"><a href=\"blob:https:\/\/classics.report\/3d6e9854-d90b-478f-98b4-0fc4731674cc\"><img decoding=\"async\" loading=\"lazy\" width=\"1024\" height=\"576\" class=\"wp-image-7638\" src=\"https:\/\/classics.report\/wp-content\/uploads\/2019\/04\/DSC00418-1024x576.jpg\" alt=\"\" srcset=\"https:\/\/classics.report\/wp-content\/uploads\/2019\/04\/DSC00418-1024x576.jpg 1024w, https:\/\/classics.report\/wp-content\/uploads\/2019\/04\/DSC00418-300x169.jpg 300w, https:\/\/classics.report\/wp-content\/uploads\/2019\/04\/DSC00418-768x432.jpg 768w, https:\/\/classics.report\/wp-content\/uploads\/2019\/04\/DSC00418-624x351.jpg 624w\" sizes=\"(max-width: 1024px) 100vw, 1024px\" \/><\/a><\/figure>\n\n<div class=\"wp-block-image\"><figure class=\"alignleft\"><a href=\"https:\/\/classics.report\/wp-content\/uploads\/2019\/04\/DSC00440.jpg\"><img decoding=\"async\" loading=\"lazy\" width=\"300\" height=\"169\" class=\"wp-image-7649\" src=\"https:\/\/classics.report\/wp-content\/uploads\/2019\/04\/DSC00440-300x169.jpg\" alt=\"\" srcset=\"https:\/\/classics.report\/wp-content\/uploads\/2019\/04\/DSC00440-300x169.jpg 300w, https:\/\/classics.report\/wp-content\/uploads\/2019\/04\/DSC00440-768x432.jpg 768w, https:\/\/classics.report\/wp-content\/uploads\/2019\/04\/DSC00440-1024x576.jpg 1024w, https:\/\/classics.report\/wp-content\/uploads\/2019\/04\/DSC00440-624x351.jpg 624w\" sizes=\"(max-width: 300px) 100vw, 300px\" \/><\/a><\/figure><\/div>\n\n<p>Privat-Rennfahrer nutzten aber die Chance aus dem 916\/6 durch Eigenumbau einen GT zu <em>schmieden<\/em>. In Stuttgart konnten \u00fcberdies auf Kundenwunsch fertige 914\/6 mit Abstimmung auf Rallye oder Rundstrecke erworben werden &#8211; sog. 914\/6 R. Diese Rennversionen waren f\u00fcr knapp unter 50.000 DM zu haben. Vermutlich dem Preis geschuldet wurden die Umbau-Kits, u.a. auch von Porsche angeboten, h\u00e4ufiger nachgefragt. Ca. 400 offizielle Sport-Kits wurden von Porsche ausgeliefert.<\/p>\n\n<p>Die &#8222;echten&#8220; <strong>Werks<\/strong>-GT-Modelle wurden nie an Kunden verkauft.<\/p>\n\n<figure class=\"wp-block-image\"><a href=\"blob:https:\/\/classics.report\/560daa9a-e014-4d38-a275-56cf3d4d92ef\"><img decoding=\"async\" loading=\"lazy\" width=\"1024\" height=\"576\" class=\"wp-image-7618\" src=\"https:\/\/classics.report\/wp-content\/uploads\/2019\/04\/xDSC00416-1024x576.jpg\" alt=\"\" srcset=\"https:\/\/classics.report\/wp-content\/uploads\/2019\/04\/xDSC00416-1024x576.jpg 1024w, https:\/\/classics.report\/wp-content\/uploads\/2019\/04\/xDSC00416-300x169.jpg 300w, https:\/\/classics.report\/wp-content\/uploads\/2019\/04\/xDSC00416-768x432.jpg 768w, https:\/\/classics.report\/wp-content\/uploads\/2019\/04\/xDSC00416-624x351.jpg 624w\" sizes=\"(max-width: 1024px) 100vw, 1024px\" \/><\/a><\/figure>\n\n<hr class=\"wp-block-separator\" \/>\n\n<p>weitere Messebilder unter: <br \/><a href=\"https:\/\/www.youtube.com\/watch?v=l9GsPU6BqJY\">https:\/\/www.youtube.com\/watch?v=l9GsPU6BqJY<\/a> <\/p>","protected":false},"excerpt":{"rendered":"<p>50 Jahre Porsche 914 &#8211; da habe ich in diesem Jahr auch ein Glanzst\u00fcck am Porsche-Stand in Essen erwartet! Aus dem Museum in Stuttgart mitgebracht war der 914 006 bzw. 914\/8 oder auch 914 S, der in Zell am See zum 60. Geburtstag an Ferry Porsche ausgeliefert wurde. &#8222;Ich kaufe nie ein Auto &#8211; ich [&hellip;]<\/p>\n","protected":false},"author":1,"featured_media":0,"comment_status":"open","ping_status":"open","sticky":false,"template":"","format":"standard","meta":[],"categories":[11,22],"tags":[],"_links":{"self":[{"href":"https:\/\/classics.report\/index.php?rest_route=\/wp\/v2\/posts\/7601"}],"collection":[{"href":"https:\/\/classics.report\/index.php?rest_route=\/wp\/v2\/posts"}],"about":[{"href":"https:\/\/classics.report\/index.php?rest_route=\/wp\/v2\/types\/post"}],"author":[{"embeddable":true,"href":"https:\/\/classics.report\/index.php?rest_route=\/wp\/v2\/users\/1"}],"replies":[{"embeddable":true,"href":"https:\/\/classics.report\/index.php?rest_route=%2Fwp%2Fv2%2Fcomments&post=7601"}],"version-history":[{"count":29,"href":"https:\/\/classics.report\/index.php?rest_route=\/wp\/v2\/posts\/7601\/revisions"}],"predecessor-version":[{"id":7658,"href":"https:\/\/classics.report\/index.php?rest_route=\/wp\/v2\/posts\/7601\/revisions\/7658"}],"wp:attachment":[{"href":"https:\/\/classics.report\/index.php?rest_route=%2Fwp%2Fv2%2Fmedia&parent=7601"}],"wp:term":[{"taxonomy":"category","embeddable":true,"href":"https:\/\/classics.report\/index.php?rest_route=%2Fwp%2Fv2%2Fcategories&post=7601"},{"taxonomy":"post_tag","embeddable":true,"href":"https:\/\/classics.report\/index.php?rest_route=%2Fwp%2Fv2%2Ftags&post=7601"}],"curies":[{"name":"wp","href":"https:\/\/api.w.org\/{rel}","templated":true}]}}