{"id":7536,"date":"2019-03-23T10:16:04","date_gmt":"2019-03-23T10:16:04","guid":{"rendered":"http:\/\/classics.report\/?p=7536"},"modified":"2019-04-20T12:02:56","modified_gmt":"2019-04-20T12:02:56","slug":"na-ovali-wie-waers-mit-einer-kleinen-ausfahrt","status":"publish","type":"post","link":"https:\/\/classics.report\/?p=7536","title":{"rendered":"Na Ovali, wie w\u00e4r&#8217;s mit einer kleinen Ausfahrt?"},"content":{"rendered":"\n<p>Abgewandelt, aber irgendwie so schon einmal geh\u00f6rt? Dann geh\u00f6rst du zur Kinder-Generation der 60er, vielleicht noch Anfang der 70er. Und die legend\u00e4ren Worte im Vorspann der Western-Geschichten hei\u00dfen richtig: &#8222;Na Fury, wie w\u00e4r&#8217;s mit einem kleinen Ausritt? Hast du Lust?&#8220;<\/p>\n\n\n\n<figure class=\"wp-block-image\"><a href=\"https:\/\/classics.report\/wp-content\/uploads\/2019\/03\/DSC00097x.jpg\"><img decoding=\"async\" loading=\"lazy\" width=\"5999\" height=\"2601\" src=\"https:\/\/i1.wp.com\/classics.report\/wp-content\/uploads\/2019\/03\/DSC00097x.jpg?fit=625%2C271\" alt=\"\" class=\"wp-image-7566\" srcset=\"https:\/\/classics.report\/wp-content\/uploads\/2019\/03\/DSC00097x.jpg 5999w, https:\/\/classics.report\/wp-content\/uploads\/2019\/03\/DSC00097x-300x130.jpg 300w, https:\/\/classics.report\/wp-content\/uploads\/2019\/03\/DSC00097x-768x333.jpg 768w, https:\/\/classics.report\/wp-content\/uploads\/2019\/03\/DSC00097x-1024x444.jpg 1024w, https:\/\/classics.report\/wp-content\/uploads\/2019\/03\/DSC00097x-624x271.jpg 624w\" sizes=\"(max-width: 5999px) 100vw, 5999px\" \/><\/a><\/figure>\n\n\n\n<p>Immer wenn ich den <em>Ovali<\/em> aus der Ecke hole, muss ich daran denken &#8211; an Kindertage, z.B. auch an Fury &#8211; vermutlich ist es der Zeitbezug. Mein Ovalscheiben-K\u00e4fer ist aus dem Baujahr 1956 und damit \u00e4lter als ich selbst.<\/p>\n\n\n\n<figure class=\"wp-block-embed-youtube alignleft wp-block-embed is-type-video is-provider-youtube wp-embed-aspect-4-3 wp-has-aspect-ratio\"><div class=\"wp-block-embed__wrapper\">\n<iframe loading=\"lazy\" width=\"625\" height=\"469\" src=\"https:\/\/www.youtube.com\/embed\/PwHwWKnclRQ?feature=oembed\" frameborder=\"0\" allow=\"accelerometer; autoplay; encrypted-media; gyroscope; picture-in-picture\" allowfullscreen><\/iframe>\n<\/div><\/figure>\n\n\n\n<p><strong>Damals Zuhause<\/strong><\/p>\n\n\n\n<p>Fury durften wir Zuhause schauen Ende der 60er. Meine Oma rief uns rein zur Kinderstunde am sp\u00e4ten Nachmittag, da fing die Sendezeit des Tages an: &#8222;Wollt ihr <em>Furri<\/em> gucken?&#8220; Wir Kinder spielten immer drau\u00dfen, die Nietenhosen (Jeans sagten wir noch nicht) waren beim Eintreten in die Stube oft nicht <em>stubentauglich.<\/em> Schauten wir diese typische US-Serie in der Nachbarschaft, legte die Mutter dort eine Decke zwischen die blauen Hosen und die Wohnzimmer-Sitzm\u00f6bel. Im Sommer waren das nat\u00fcrlich kurze, rauhe Lederhosen und die waren erst recht nicht f\u00fcr die Wohnzimmer-Couch zugelassen. Zuweilen sa\u00dfen wir einfach nur auf dem Teppich. Wir rochen nach aufgew\u00fchlter Erde aus dem Garten, nach Wiese und Rothe (ein Bach hinter unserem Haus). Oft hatten wir einen roten Kopf, verschwitzte Haare und staubige Beine vom Fu\u00dfballspielen auf dem Asche-Sportplatz. Noch beim Vorspann zur Serienfolge, in der der schwarze Hengst galoppierend ins Bild kam, vom Serien-Helden gerufen, merkte ich den pochenden Pulsschlag im ganzen K\u00f6rper. Ob es den anderen Jungs auch so ging? Kein Ahnung, dar\u00fcber sprachen wir nicht, wir waren voller Erwartung der neuen Abenteuer aus dem fernen Texas. Und das pochende Herz war nicht die Vorfreude auf das Fernsehen, oft waren wir einfach nur ausgepowert vom Fu\u00dfball, vom Radfahren, vom Toben und Ausgelassen Sein. Und von jetzt auf gleich sa\u00dfen wir versammelt f\u00fcr 30 Minuten vor der s\/w-Flimmerkiste, zumeist 2, 3, max. 4 Jungen &#8211; Nachbarsjungen.<\/p>\n\n\n\n<figure class=\"wp-block-image\"><a href=\"https:\/\/classics.report\/wp-content\/uploads\/2019\/03\/DSC00071.jpg\"><img decoding=\"async\" loading=\"lazy\" width=\"6000\" height=\"3376\" src=\"https:\/\/i0.wp.com\/classics.report\/wp-content\/uploads\/2019\/03\/DSC00071.jpg?fit=625%2C352\" alt=\"\" class=\"wp-image-7567\" srcset=\"https:\/\/classics.report\/wp-content\/uploads\/2019\/03\/DSC00071.jpg 6000w, https:\/\/classics.report\/wp-content\/uploads\/2019\/03\/DSC00071-300x169.jpg 300w, https:\/\/classics.report\/wp-content\/uploads\/2019\/03\/DSC00071-768x432.jpg 768w, https:\/\/classics.report\/wp-content\/uploads\/2019\/03\/DSC00071-1024x576.jpg 1024w, https:\/\/classics.report\/wp-content\/uploads\/2019\/03\/DSC00071-624x351.jpg 624w\" sizes=\"(max-width: 6000px) 100vw, 6000px\" \/><\/a><\/figure>\n\n\n\n<p><strong>Erinnerung ist eine Auswahl<\/strong><\/p>\n\n\n\n<p>Warum mich der Ovalscheiben-K\u00e4fer vornehmlich an diese Zeit erinnert, kann ich nicht genau sagen. Vielleicht ist es neben der Zeit, aus der er stammt, au\u00dferdem noch <em>seine wilde Art<\/em>, wenn man bei einem Auto davon sprechen kann. Er ist kein akkurater oder schicker Oldtimer, er braucht ebenso eine Unterlage, auf die er abgestellt wird &#8211; damit er nichts schmutzig macht. Und wenn er von drau\u00dfen kommt, riecht er auch nicht nach Lavendel. Er riecht besser, nach warmen Verbrenner, nach aufsteigendem Oelduft, sein Motor knistert jetzt, er kommt zur Ruhe und k\u00fchlt ganz langsam ab. Aber der Geruch h\u00e4ngt noch nach Stunden in der Garage, er ist eben ein kleiner K\u00e4fer geblieben, unver\u00e4ndert, original, mit viel Patina. Wenn ich heute als erwachsener Mann (meine Kinder sagen: alter Mann bzw. Alter) in dieses Auto steige, denke ich an die Kindheit zur\u00fcck.<\/p>\n\n\n\n<figure class=\"wp-block-embed-youtube wp-block-embed is-type-video is-provider-youtube wp-embed-aspect-16-9 wp-has-aspect-ratio\"><div class=\"wp-block-embed__wrapper\">\n<iframe loading=\"lazy\" width=\"625\" height=\"352\" src=\"https:\/\/www.youtube.com\/embed\/gBjdDvW0RQE?feature=oembed\" frameborder=\"0\" allow=\"accelerometer; autoplay; encrypted-media; gyroscope; picture-in-picture\" allowfullscreen><\/iframe>\n<\/div><\/figure>\n\n\n\n<p>1 oder 2 Studen sp\u00e4ter, nach erledigter Runde \u00fcber die Landstra\u00dfen, stecke ich die Nase noch einmal in die Karosserie-Rippen unter dem Ovalfenster der abgestellten Limousine &#8211; da ist der Geruch aus dem Erinnerungen aufsteigen.<\/p>\n","protected":false},"excerpt":{"rendered":"<p>Abgewandelt, aber irgendwie so schon einmal geh\u00f6rt? Dann geh\u00f6rst du zur Kinder-Generation der 60er, vielleicht noch Anfang der 70er. Und die legend\u00e4ren Worte im Vorspann der Western-Geschichten hei\u00dfen richtig: &#8222;Na Fury, wie w\u00e4r&#8217;s mit einem kleinen Ausritt? Hast du Lust?&#8220; Immer wenn ich den Ovali aus der Ecke hole, muss ich daran denken &#8211; an [&hellip;]<\/p>\n","protected":false},"author":1,"featured_media":0,"comment_status":"open","ping_status":"open","sticky":false,"template":"","format":"standard","meta":[],"categories":[35,25,10],"tags":[],"_links":{"self":[{"href":"https:\/\/classics.report\/index.php?rest_route=\/wp\/v2\/posts\/7536"}],"collection":[{"href":"https:\/\/classics.report\/index.php?rest_route=\/wp\/v2\/posts"}],"about":[{"href":"https:\/\/classics.report\/index.php?rest_route=\/wp\/v2\/types\/post"}],"author":[{"embeddable":true,"href":"https:\/\/classics.report\/index.php?rest_route=\/wp\/v2\/users\/1"}],"replies":[{"embeddable":true,"href":"https:\/\/classics.report\/index.php?rest_route=%2Fwp%2Fv2%2Fcomments&post=7536"}],"version-history":[{"count":50,"href":"https:\/\/classics.report\/index.php?rest_route=\/wp\/v2\/posts\/7536\/revisions"}],"predecessor-version":[{"id":7672,"href":"https:\/\/classics.report\/index.php?rest_route=\/wp\/v2\/posts\/7536\/revisions\/7672"}],"wp:attachment":[{"href":"https:\/\/classics.report\/index.php?rest_route=%2Fwp%2Fv2%2Fmedia&parent=7536"}],"wp:term":[{"taxonomy":"category","embeddable":true,"href":"https:\/\/classics.report\/index.php?rest_route=%2Fwp%2Fv2%2Fcategories&post=7536"},{"taxonomy":"post_tag","embeddable":true,"href":"https:\/\/classics.report\/index.php?rest_route=%2Fwp%2Fv2%2Ftags&post=7536"}],"curies":[{"name":"wp","href":"https:\/\/api.w.org\/{rel}","templated":true}]}}