{"id":7300,"date":"2019-02-21T14:39:03","date_gmt":"2019-02-21T14:39:03","guid":{"rendered":"http:\/\/classics.report\/?p=7300"},"modified":"2019-04-20T12:02:30","modified_gmt":"2019-04-20T12:02:30","slug":"kg-typ-34-reloaded-warum-normal-sein-wenn-es-auch-anders-geht","status":"publish","type":"post","link":"https:\/\/classics.report\/?p=7300","title":{"rendered":"KG Typ 34 reloaded &#8211; warum normal, wenns\u00b4auch anders geht"},"content":{"rendered":"\n<div class=\"wp-block-image\"><figure class=\"alignleft\"><a href=\"https:\/\/classics.report\/wp-content\/uploads\/2019\/02\/20190131_095846x.jpg\"><img decoding=\"async\" loading=\"lazy\" width=\"249\" height=\"300\" src=\"https:\/\/classics.report\/wp-content\/uploads\/2019\/02\/20190131_095846x-249x300.jpg\" alt=\"\" class=\"wp-image-7301\" srcset=\"https:\/\/classics.report\/wp-content\/uploads\/2019\/02\/20190131_095846x-249x300.jpg 249w, https:\/\/classics.report\/wp-content\/uploads\/2019\/02\/20190131_095846x-768x927.jpg 768w, https:\/\/classics.report\/wp-content\/uploads\/2019\/02\/20190131_095846x-848x1024.jpg 848w, https:\/\/classics.report\/wp-content\/uploads\/2019\/02\/20190131_095846x-624x753.jpg 624w\" sizes=\"(max-width: 249px) 100vw, 249px\" \/><\/a><\/figure><\/div>\n\n\n\n<p>Die alte Karmann-Werbung, die ich auf der R\u00fcckseite einer <em>Guten Fahrt<\/em> von 1965 gefunden habe, verursacht ein Bild in meinem Kopf &#8230;. Don Quijote de la Mancha. Hatte der nicht &#8222;einen an der Waffel&#8220; &#8211; soll ich jetzt ein Fragezeichen setzen? Besser ein Ausrufezeichen! Denn die bekannteste Episode im Ritterdrama ist sicherlich der Kampf gegen die Windm\u00fchlen, wenngleich im Roman eine eher untergeordnete Handlung. Der Junker ist aber nicht mein Protagonist, es kommt noch ein klappriger, d\u00fcrrer Gaul <em>Rosinante<\/em> vor, der den sinnreichen und etwas entr\u00fcckten spanischen Helden \u00fcber die Hochebene Kastiliens tr\u00e4gt. Genau, verstanden! <em>Rosinante<\/em> ist die Metapher f\u00fcr den 34er auf diesem Werbefoto.<\/p>\n\n\n\n<p>Und so betagt und fast schon am Ende, wie das Pferd im Roman, so in etwa ist die Entsprechung zu meinem Typ 34, der jetzt in der Werkstatt steht.<\/p>\n\n\n\n<figure class=\"wp-block-image\"><img decoding=\"async\" loading=\"lazy\" width=\"1024\" height=\"372\" src=\"https:\/\/classics.report\/wp-content\/uploads\/2019\/01\/IMG_1219-1024x372.jpg\" alt=\"\" class=\"wp-image-7189\" srcset=\"https:\/\/classics.report\/wp-content\/uploads\/2019\/01\/IMG_1219-1024x372.jpg 1024w, https:\/\/classics.report\/wp-content\/uploads\/2019\/01\/IMG_1219-300x109.jpg 300w, https:\/\/classics.report\/wp-content\/uploads\/2019\/01\/IMG_1219-768x279.jpg 768w, https:\/\/classics.report\/wp-content\/uploads\/2019\/01\/IMG_1219-624x227.jpg 624w, https:\/\/classics.report\/wp-content\/uploads\/2019\/01\/IMG_1219.jpg 1625w\" sizes=\"(max-width: 1024px) 100vw, 1024px\" \/><figcaption>Fehlende Zierleiste, keine Sicken am Au\u00dfenschweller &#8211; b\u00f6se &#8211; hier sind vermutl. Reparaturen der Vergangenheit versteckt.<\/figcaption><\/figure>\n\n\n\n<h4>Restaurieren w\u00fcrde mich langweilen, wenn ich das Auto im derzeitigen Zustand betrachte.<\/h4>\n\n\n\n<figure class=\"wp-block-image\"><img decoding=\"async\" loading=\"lazy\" width=\"1024\" height=\"566\" src=\"https:\/\/classics.report\/wp-content\/uploads\/2019\/01\/IMG_0605-1024x566.jpg\" alt=\"\" class=\"wp-image-7195\" srcset=\"https:\/\/classics.report\/wp-content\/uploads\/2019\/01\/IMG_0605-1024x566.jpg 1024w, https:\/\/classics.report\/wp-content\/uploads\/2019\/01\/IMG_0605-300x166.jpg 300w, https:\/\/classics.report\/wp-content\/uploads\/2019\/01\/IMG_0605-768x425.jpg 768w, https:\/\/classics.report\/wp-content\/uploads\/2019\/01\/IMG_0605-624x345.jpg 624w, https:\/\/classics.report\/wp-content\/uploads\/2019\/01\/IMG_0605.jpg 1727w\" sizes=\"(max-width: 1024px) 100vw, 1024px\" \/><figcaption>Das Z\u00fcndschloss musste auch raus zur Reparatur &#8211; ist neu verkabelt worden.<\/figcaption><\/figure>\n\n\n\n<p>Er hat das Zeug zu mehr &#8211; oder weniger. Je nach dem, wie man es sehen will. Sp\u00e4ter Restaurierung nicht ausgeschlossen ist das Motto. Jetzt ist vorerst das Projektziel anders definiert: <em>Ratte mit T\u00fcv<\/em>, so k\u00f6nnte man sagen. Die Spuren seiner Vergangenheit bleiben zun\u00e4chst einmal erhalten, nur fahren soll er wieder. 42 Jahre nach der Stilllegung ist das leichter gesagt als umgesetzt. Ob es zu einem Happy End kommt &#8211; mal sehen, der Projektverlauf wird es zeigen.<\/p>\n\n\n\n<p>Hier das n\u00e4chste Videoprotokoll: der 4. Teil.<\/p>\n\n\n\n<figure class=\"wp-block-embed-youtube wp-block-embed is-type-video is-provider-youtube wp-embed-aspect-16-9 wp-has-aspect-ratio\"><div class=\"wp-block-embed__wrapper\">\n<iframe loading=\"lazy\" width=\"625\" height=\"352\" src=\"https:\/\/www.youtube.com\/embed\/ieBs4bTjYiY?feature=oembed\" frameborder=\"0\" allow=\"accelerometer; autoplay; encrypted-media; gyroscope; picture-in-picture\" allowfullscreen><\/iframe>\n<\/div><\/figure>\n\n\n\n<h4>Einige Tage weiter &#8230;.<\/h4>\n\n\n\n<p>20. Februar 2019, ein denkw\u00fcrdiger Tag in meiner &#8222;Oldtimer-Karriere&#8220;. Als ich mit 18 Jahren den F\u00fchrerschein bekam, da wurde dieser 34er von Bj. 1968 stillgelegt, er hatte es hinter sich. Das offizielle Autoleben mit Zulassung im Stra\u00dfenverkehr war f\u00fcr ihn 1977 bereits vorbei. <em>Jedoch zu dieser Zeit kannten wir uns noch nicht.<\/em> Heute bin ich selber 60 und versuche diese alte M\u00f6hre, die ich vor 8 Jahren erworben habe, wiederzubeleben &#8211; 42 jahre sp\u00e4ter. Aussichtslos? Nein, denn, wie gesagt, gestern hatte ich mit diesem Wagen eine Glanzstunde. Klingt etwas pathetisch, aber so war es! F\u00fcr den Rest des Tages war ich <em>geflasht<\/em>. Nach einigen Versuchen konnte ich ihn am Nachmittag starten &#8211; und er lief wunderbar,<em> er hatte mehr als 4 Jahrzehnte auf mich gewartet!<\/em><\/p>\n\n\n\n<p>Das Projekt geht gut aus, jetzt bin ich zuversichtlich. Mehr als erwartet: Die Aussicht, ihn wieder fahren zu k\u00f6nnen, wird sich erf\u00fcllen!<\/p>\n\n\n\n<figure class=\"wp-block-embed-youtube wp-block-embed is-type-video is-provider-youtube wp-embed-aspect-16-9 wp-has-aspect-ratio\"><div class=\"wp-block-embed__wrapper\">\n<iframe loading=\"lazy\" width=\"625\" height=\"352\" src=\"https:\/\/www.youtube.com\/embed\/AFBAJ78r9Rw?feature=oembed\" frameborder=\"0\" allow=\"accelerometer; autoplay; encrypted-media; gyroscope; picture-in-picture\" allowfullscreen><\/iframe>\n<\/div><\/figure>\n\n\n\n<h4>Wir sind im M\u00e4rz &#8230;.<\/h4>\n\n\n\n<p>Heute am 13. war T\u00fcv-Begutachtung. Es gibt eine gute und ein schlechte Nachricht:<\/p>\n\n\n\n<p>\ud83d\ude42 Technisch entspricht der Karmann Bj. 1968 den Vorschriften und w\u00fcrde eine Hauptuntersuchung (Vollabnahme nach \u00a721 StVZO) bestehen!<\/p>\n\n\n\n<p>\ud83d\ude41 Optisch kann er im derzeitigen Zustand kein Oldtimergutachten (\u00a723 StVZO) bekommen, da Lackabplatzungen und -risse das Ma\u00df erlaubter Patina \u00fcbersteigt.<\/p>\n\n\n\n<p>D.h., mit \u00a7 21 k\u00f6nnte er angemeldet werden und wieder am Stra\u00dfenverkehr teilnehmen, aber nicht als Oldtimer! Bei mir soll er jedoch in der 07er-Oldtimerflotte aufgenommen werden, demzufolge ich zun\u00e4chst einmal am Lack arbeiten muss. <em>Nix schwei\u00dfen &#8211; aber f\u00fcllern und beilackieren<\/em> steht auf der Agenda. Erst wenn er die H\u00fcrde \u00a723 StVZO genommen hat, geht es weiter.<\/p>\n\n\n\n<hr class=\"wp-block-separator is-style-wide\"\/>\n\n\n\n<p style=\"text-align:center\">zu Beitrag \/ <strong><a href=\"https:\/\/classics.report\/?p=7166\">1<\/a><\/strong> \/ 2 \/ <strong><a href=\"https:\/\/classics.report\/?p=7441\">3<\/a><\/strong> \/<\/p>\n\n\n\n<p>&nbsp;<\/p>\n","protected":false},"excerpt":{"rendered":"<p>Die alte Karmann-Werbung, die ich auf der R\u00fcckseite einer Guten Fahrt von 1965 gefunden habe, verursacht ein Bild in meinem Kopf &#8230;. Don Quijote de la Mancha. Hatte der nicht &#8222;einen an der Waffel&#8220; &#8211; soll ich jetzt ein Fragezeichen setzen? Besser ein Ausrufezeichen! Denn die bekannteste Episode im Ritterdrama ist sicherlich der Kampf gegen [&hellip;]<\/p>\n","protected":false},"author":1,"featured_media":0,"comment_status":"open","ping_status":"open","sticky":false,"template":"","format":"standard","meta":[],"categories":[27,10],"tags":[],"_links":{"self":[{"href":"https:\/\/classics.report\/index.php?rest_route=\/wp\/v2\/posts\/7300"}],"collection":[{"href":"https:\/\/classics.report\/index.php?rest_route=\/wp\/v2\/posts"}],"about":[{"href":"https:\/\/classics.report\/index.php?rest_route=\/wp\/v2\/types\/post"}],"author":[{"embeddable":true,"href":"https:\/\/classics.report\/index.php?rest_route=\/wp\/v2\/users\/1"}],"replies":[{"embeddable":true,"href":"https:\/\/classics.report\/index.php?rest_route=%2Fwp%2Fv2%2Fcomments&post=7300"}],"version-history":[{"count":59,"href":"https:\/\/classics.report\/index.php?rest_route=\/wp\/v2\/posts\/7300\/revisions"}],"predecessor-version":[{"id":7671,"href":"https:\/\/classics.report\/index.php?rest_route=\/wp\/v2\/posts\/7300\/revisions\/7671"}],"wp:attachment":[{"href":"https:\/\/classics.report\/index.php?rest_route=%2Fwp%2Fv2%2Fmedia&parent=7300"}],"wp:term":[{"taxonomy":"category","embeddable":true,"href":"https:\/\/classics.report\/index.php?rest_route=%2Fwp%2Fv2%2Fcategories&post=7300"},{"taxonomy":"post_tag","embeddable":true,"href":"https:\/\/classics.report\/index.php?rest_route=%2Fwp%2Fv2%2Ftags&post=7300"}],"curies":[{"name":"wp","href":"https:\/\/api.w.org\/{rel}","templated":true}]}}