{"id":704,"date":"2015-06-14T16:33:44","date_gmt":"2015-06-14T16:33:44","guid":{"rendered":"http:\/\/classics.report\/?p=704"},"modified":"2019-07-01T07:26:08","modified_gmt":"2019-07-01T07:26:08","slug":"911-targa-fe-in-arbeit","status":"publish","type":"post","link":"https:\/\/classics.report\/?p=704","title":{"rendered":"911 Targa &#8211; Fe in arbeit"},"content":{"rendered":"<h3>Bestandsaufnahme Karosserie<\/h3>\n<p>Ein sch\u00f6nes 911 F-Modell (2.2 T Targa von Bj. 1970, Modellj. 1971) wartete auf die Restaurierung. Gekauft im M\u00e4rz 2009.<\/p>\n<h3><a href=\"https:\/\/classics.report\/wp-content\/uploads\/2015\/06\/IMG_5765.jpg\"><img decoding=\"async\" loading=\"lazy\" class=\"alignnone size-medium wp-image-713\" src=\"https:\/\/classics.report\/wp-content\/uploads\/2015\/06\/IMG_5765-300x200.jpg\" alt=\"IMG_5765\" width=\"300\" height=\"200\" srcset=\"https:\/\/classics.report\/wp-content\/uploads\/2015\/06\/IMG_5765-300x200.jpg 300w, https:\/\/classics.report\/wp-content\/uploads\/2015\/06\/IMG_5765-1024x683.jpg 1024w, https:\/\/classics.report\/wp-content\/uploads\/2015\/06\/IMG_5765-624x416.jpg 624w, https:\/\/classics.report\/wp-content\/uploads\/2015\/06\/IMG_5765.jpg 1728w\" sizes=\"(max-width: 300px) 100vw, 300px\" \/><\/a><\/h3>\n<p>Der Unterboden war perfekt und er hatte keine Unfallsch\u00e4den &#8211; das war die <em>halbe Miete! <\/em>Rost hatte der Targa dennoch, auch wenn er aus Kalifornien stammte:<\/p>\n<ul>\n<li>einmal an der Targa-typischen Stelle unter dem hinteren Fenster,<\/li>\n<li>in den Ecken des Schlosstr\u00e4gers vorn zur Tragwand der Kotfl\u00fcgel,<\/li>\n<li>in den Lampent\u00f6pfen der Hauptscheinwerfer und<\/li>\n<li>den Spritzw\u00e4nden der vorderen Radk\u00e4sten.<\/li>\n<\/ul>\n<h3><a href=\"https:\/\/classics.report\/wp-content\/uploads\/2015\/06\/IMG_5658.jpg\"><img decoding=\"async\" loading=\"lazy\" class=\"alignnone size-medium wp-image-763\" src=\"https:\/\/classics.report\/wp-content\/uploads\/2015\/06\/IMG_5658-300x200.jpg\" alt=\"IMG_5658\" width=\"300\" height=\"200\" srcset=\"https:\/\/classics.report\/wp-content\/uploads\/2015\/06\/IMG_5658-300x200.jpg 300w, https:\/\/classics.report\/wp-content\/uploads\/2015\/06\/IMG_5658-1024x683.jpg 1024w, https:\/\/classics.report\/wp-content\/uploads\/2015\/06\/IMG_5658-624x416.jpg 624w, https:\/\/classics.report\/wp-content\/uploads\/2015\/06\/IMG_5658.jpg 1728w\" sizes=\"(max-width: 300px) 100vw, 300px\" \/><\/a><a href=\"https:\/\/classics.report\/wp-content\/uploads\/2015\/06\/IMG_57051.jpg\"> <img decoding=\"async\" loading=\"lazy\" class=\"alignnone size-medium wp-image-706\" src=\"https:\/\/classics.report\/wp-content\/uploads\/2015\/06\/IMG_57051-300x200.jpg\" alt=\"IMG_5705\" width=\"300\" height=\"200\" srcset=\"https:\/\/classics.report\/wp-content\/uploads\/2015\/06\/IMG_57051-300x200.jpg 300w, https:\/\/classics.report\/wp-content\/uploads\/2015\/06\/IMG_57051-1024x683.jpg 1024w, https:\/\/classics.report\/wp-content\/uploads\/2015\/06\/IMG_57051-624x416.jpg 624w, https:\/\/classics.report\/wp-content\/uploads\/2015\/06\/IMG_57051.jpg 1728w\" sizes=\"(max-width: 300px) 100vw, 300px\" \/><\/a><\/h3>\n<p>Hinten war die linke Kotfl\u00fcgelspitze \u00fcber dem R\u00fccklicht minimal plattgedr\u00fcckt, die Ecke vom R\u00fccklichtglas war auch abgeplatzt &#8211; vermutl. ein kl. Parkrempler? Total schlecht waren die Lackausbesserungen, die der Porsche vornehmlich an den hinteren Kotfl\u00fcgeln <em>gesammelt<\/em> hatte.<\/p>\n<p><a href=\"https:\/\/classics.report\/wp-content\/uploads\/2015\/06\/IMG_5729.jpg\"><img decoding=\"async\" loading=\"lazy\" class=\"alignnone size-medium wp-image-712\" src=\"https:\/\/classics.report\/wp-content\/uploads\/2015\/06\/IMG_5729-300x200.jpg\" alt=\"IMG_5729\" width=\"300\" height=\"200\" srcset=\"https:\/\/classics.report\/wp-content\/uploads\/2015\/06\/IMG_5729-300x200.jpg 300w, https:\/\/classics.report\/wp-content\/uploads\/2015\/06\/IMG_5729-1024x683.jpg 1024w, https:\/\/classics.report\/wp-content\/uploads\/2015\/06\/IMG_5729-624x416.jpg 624w, https:\/\/classics.report\/wp-content\/uploads\/2015\/06\/IMG_5729.jpg 1728w\" sizes=\"(max-width: 300px) 100vw, 300px\" \/><\/a><\/p>\n<p>Normal lasse ich die Patina den alten Autos. Verblasster oder durchpolierter Erstlack, viell. kleine Kratzer oder Abplatzungen machen einen Oldtimer zum <em>Zeitzeugen<\/em> und lassen ihn authentischer aussehen. Aber diesen Vintage-Style hatte der Kandidat nicht. Vermutlich waren die Farb-Ausbesserungen nicht einmal mit Autolack ausgef\u00fchrt worden &#8211; <em>sondern mit Wandfarbe?! <\/em><\/p>\n<p>Der Targa rollte zum Lackierbetrieb. Alles mu\u00dfte runter. Wir hatten Anfang 2010.<\/p>\n<h3><a href=\"https:\/\/classics.report\/wp-content\/uploads\/2015\/06\/IMG_71791.jpg\"><img decoding=\"async\" loading=\"lazy\" class=\"alignnone size-medium wp-image-762\" src=\"https:\/\/classics.report\/wp-content\/uploads\/2015\/06\/IMG_71791-300x200.jpg\" alt=\"IMG_7179\" width=\"300\" height=\"200\" srcset=\"https:\/\/classics.report\/wp-content\/uploads\/2015\/06\/IMG_71791-300x200.jpg 300w, https:\/\/classics.report\/wp-content\/uploads\/2015\/06\/IMG_71791-1024x683.jpg 1024w, https:\/\/classics.report\/wp-content\/uploads\/2015\/06\/IMG_71791-624x416.jpg 624w, https:\/\/classics.report\/wp-content\/uploads\/2015\/06\/IMG_71791.jpg 1728w\" sizes=\"(max-width: 300px) 100vw, 300px\" \/><\/a><\/h3>\n<h3>Schleifen, Schwei\u00dfen, Schleifen, Schleifen, Schwei\u00dfen, &#8230;..<\/h3>\n<h3><a href=\"https:\/\/classics.report\/wp-content\/uploads\/2015\/06\/P1190446.jpg\"><img decoding=\"async\" loading=\"lazy\" class=\"alignnone size-medium wp-image-714\" src=\"https:\/\/classics.report\/wp-content\/uploads\/2015\/06\/P1190446-300x225.jpg\" alt=\"P1190446\" width=\"300\" height=\"225\" srcset=\"https:\/\/classics.report\/wp-content\/uploads\/2015\/06\/P1190446-300x225.jpg 300w, https:\/\/classics.report\/wp-content\/uploads\/2015\/06\/P1190446-1024x768.jpg 1024w, https:\/\/classics.report\/wp-content\/uploads\/2015\/06\/P1190446-624x468.jpg 624w\" sizes=\"(max-width: 300px) 100vw, 300px\" \/><\/a><\/h3>\n<p>Spritzwandbereich geschwei\u00dft und hier besonders gr\u00fcndlich entlackt.<\/p>\n<h3><a href=\"https:\/\/classics.report\/wp-content\/uploads\/2015\/06\/P1200415.jpg\"><img decoding=\"async\" loading=\"lazy\" class=\"alignnone size-medium wp-image-764\" src=\"https:\/\/classics.report\/wp-content\/uploads\/2015\/06\/P1200415-300x225.jpg\" alt=\"P1200415\" width=\"300\" height=\"225\" srcset=\"https:\/\/classics.report\/wp-content\/uploads\/2015\/06\/P1200415-300x225.jpg 300w, https:\/\/classics.report\/wp-content\/uploads\/2015\/06\/P1200415-1024x768.jpg 1024w, https:\/\/classics.report\/wp-content\/uploads\/2015\/06\/P1200415-624x468.jpg 624w\" sizes=\"(max-width: 300px) 100vw, 300px\" \/><\/a><\/h3>\n<h3><a href=\"https:\/\/classics.report\/wp-content\/uploads\/2015\/06\/P1200431.jpg\"><img decoding=\"async\" loading=\"lazy\" class=\"alignnone size-medium wp-image-765\" src=\"https:\/\/classics.report\/wp-content\/uploads\/2015\/06\/P1200431-225x300.jpg\" alt=\"P1200431\" width=\"225\" height=\"300\" srcset=\"https:\/\/classics.report\/wp-content\/uploads\/2015\/06\/P1200431-225x300.jpg 225w, https:\/\/classics.report\/wp-content\/uploads\/2015\/06\/P1200431-768x1024.jpg 768w, https:\/\/classics.report\/wp-content\/uploads\/2015\/06\/P1200431-624x832.jpg 624w\" sizes=\"(max-width: 225px) 100vw, 225px\" \/><\/a><a href=\"https:\/\/classics.report\/wp-content\/uploads\/2015\/06\/P1190338.jpg\"> <img decoding=\"async\" loading=\"lazy\" class=\"alignnone size-medium wp-image-767\" src=\"https:\/\/classics.report\/wp-content\/uploads\/2015\/06\/P1190338-225x300.jpg\" alt=\"P1190338\" width=\"225\" height=\"300\" srcset=\"https:\/\/classics.report\/wp-content\/uploads\/2015\/06\/P1190338-225x300.jpg 225w, https:\/\/classics.report\/wp-content\/uploads\/2015\/06\/P1190338-768x1024.jpg 768w, https:\/\/classics.report\/wp-content\/uploads\/2015\/06\/P1190338-624x832.jpg 624w\" sizes=\"(max-width: 225px) 100vw, 225px\" \/><\/a><\/h3>\n<h3>Lackierung &#8211; Neuaufbau<\/h3>\n<p>Das Farbe sollte wieder nach dem Original-Farbcode (1110-G <em>hellelfenbein <\/em>von 1971) ausgef\u00fchrt werden. <em>Mach ihn original!<\/em> Das ist ein wertbestimmender Faktor f\u00fcr einen Klassiker. Die Nummer ist beim F-Modell an der A-S\u00e4ule (linke T\u00fcr \u00f6ffnen, oberhalb vom T\u00fcrfangband) auf einem kl. Blechschild vermerkt. Der Farbcode-Experte im Internet ist \u00fcbrigens <span style=\"color: #0000ff;\"><a style=\"color: #0000ff;\" href=\"http:\/\/elferhelfer.de\/\">elferhelfer.de<\/a><\/span>, der link ist zu empfehlen.<\/p>\n<p><a href=\"https:\/\/classics.report\/wp-content\/uploads\/2015\/06\/P1200384.jpg\"><img decoding=\"async\" loading=\"lazy\" class=\"alignnone size-medium wp-image-738\" src=\"https:\/\/classics.report\/wp-content\/uploads\/2015\/06\/P1200384-300x225.jpg\" alt=\"P1200384\" width=\"300\" height=\"225\" srcset=\"https:\/\/classics.report\/wp-content\/uploads\/2015\/06\/P1200384-300x225.jpg 300w, https:\/\/classics.report\/wp-content\/uploads\/2015\/06\/P1200384-1024x768.jpg 1024w, https:\/\/classics.report\/wp-content\/uploads\/2015\/06\/P1200384-624x468.jpg 624w\" sizes=\"(max-width: 300px) 100vw, 300px\" \/><\/a><a href=\"https:\/\/classics.report\/wp-content\/uploads\/2015\/06\/IMG_8065.jpg\"> <img decoding=\"async\" loading=\"lazy\" class=\"alignnone size-medium wp-image-726\" src=\"https:\/\/classics.report\/wp-content\/uploads\/2015\/06\/IMG_8065-300x200.jpg\" alt=\"IMG_8065\" width=\"300\" height=\"200\" srcset=\"https:\/\/classics.report\/wp-content\/uploads\/2015\/06\/IMG_8065-300x200.jpg 300w, https:\/\/classics.report\/wp-content\/uploads\/2015\/06\/IMG_8065-1024x683.jpg 1024w, https:\/\/classics.report\/wp-content\/uploads\/2015\/06\/IMG_8065-624x416.jpg 624w, https:\/\/classics.report\/wp-content\/uploads\/2015\/06\/IMG_8065.jpg 1728w\" sizes=\"(max-width: 300px) 100vw, 300px\" \/><\/a><\/p>\n<p>Der Tank im Kofferraum behielt seinen Strukturlack &#8211; aber erneuert, ansonsten wurde innen nur wei\u00df ausgenebelt. Klebereste vom Nadelfilz an den seitl. Tragw\u00e4nden durften bleiben &#8211; originale Patina ab Werk. \ud83d\ude42<\/p>\n<h3><a href=\"https:\/\/classics.report\/wp-content\/uploads\/2015\/06\/IMG_8148.jpg\"><img decoding=\"async\" loading=\"lazy\" class=\"alignnone size-medium wp-image-766\" src=\"https:\/\/classics.report\/wp-content\/uploads\/2015\/06\/IMG_8148-300x200.jpg\" alt=\"IMG_8148\" width=\"300\" height=\"200\" srcset=\"https:\/\/classics.report\/wp-content\/uploads\/2015\/06\/IMG_8148-300x200.jpg 300w, https:\/\/classics.report\/wp-content\/uploads\/2015\/06\/IMG_8148-1024x683.jpg 1024w, https:\/\/classics.report\/wp-content\/uploads\/2015\/06\/IMG_8148-624x416.jpg 624w, https:\/\/classics.report\/wp-content\/uploads\/2015\/06\/IMG_8148.jpg 1728w\" sizes=\"(max-width: 300px) 100vw, 300px\" \/><\/a><a href=\"https:\/\/classics.report\/wp-content\/uploads\/2015\/06\/IMG_8168.jpg\"> <img decoding=\"async\" loading=\"lazy\" class=\"alignnone size-medium wp-image-729\" src=\"https:\/\/classics.report\/wp-content\/uploads\/2015\/06\/IMG_8168-300x200.jpg\" alt=\"IMG_8168\" width=\"300\" height=\"200\" srcset=\"https:\/\/classics.report\/wp-content\/uploads\/2015\/06\/IMG_8168-300x200.jpg 300w, https:\/\/classics.report\/wp-content\/uploads\/2015\/06\/IMG_8168-1024x683.jpg 1024w, https:\/\/classics.report\/wp-content\/uploads\/2015\/06\/IMG_8168-624x416.jpg 624w, https:\/\/classics.report\/wp-content\/uploads\/2015\/06\/IMG_8168.jpg 1728w\" sizes=\"(max-width: 300px) 100vw, 300px\" \/><\/a><\/h3>\n<p>Der Lackierer hatte keinen Eilauftrag erhalten &#8211; Ende 2010 konnte der Targa den Lackierbetrieb mit rundherum neuen Karosseriedichtungen <em>vorl\u00e4ufig<\/em> wieder verlassen.<\/p>\n<h3><a href=\"https:\/\/classics.report\/wp-content\/uploads\/2015\/06\/P1090391.jpg\"><img decoding=\"async\" loading=\"lazy\" class=\"alignnone size-large wp-image-730\" src=\"https:\/\/classics.report\/wp-content\/uploads\/2015\/06\/P1090391-1024x768.jpg\" alt=\"\" width=\"625\" height=\"469\" srcset=\"https:\/\/classics.report\/wp-content\/uploads\/2015\/06\/P1090391-1024x768.jpg 1024w, https:\/\/classics.report\/wp-content\/uploads\/2015\/06\/P1090391-300x225.jpg 300w, https:\/\/classics.report\/wp-content\/uploads\/2015\/06\/P1090391-624x468.jpg 624w\" sizes=\"(max-width: 625px) 100vw, 625px\" \/><\/a><\/h3>\n<p>Warum vorl\u00e4ufig? Siehe Teil 3.<\/p>\n<hr \/>\n<p style=\"padding-left: 30px;\">Fortsetzungsgeschichte Teil\u00a0 <a href=\"https:\/\/classics.report\/?p=621\"><span style=\"color: #ff6600;\">1<\/span><\/a>\u00a0 \u00a02 \u00a0\u00a0<a href=\"https:\/\/classics.report\/?p=828\"><span style=\"color: #ff6600;\">3<\/span><\/a>\u00a0\u00a0 <a href=\"https:\/\/classics.report\/?p=887\"><span style=\"color: #ff6600;\">4<\/span><\/a><span style=\"color: #ff6600;\">\u00a0\u00a0 <a href=\"https:\/\/classics.report\/?p=7176\">5<\/a><\/span><\/p>\n<hr \/>\n","protected":false},"excerpt":{"rendered":"<p>Bestandsaufnahme Karosserie Ein sch\u00f6nes 911 F-Modell (2.2 T Targa von Bj. 1970, Modellj. 1971) wartete auf die Restaurierung. Gekauft im M\u00e4rz 2009. Der Unterboden war perfekt und er hatte keine Unfallsch\u00e4den &#8211; das war die halbe Miete! Rost hatte der Targa dennoch, auch wenn er aus Kalifornien stammte: einmal an der Targa-typischen Stelle unter dem [&hellip;]<\/p>\n","protected":false},"author":1,"featured_media":0,"comment_status":"open","ping_status":"open","sticky":false,"template":"","format":"standard","meta":[],"categories":[21,11],"tags":[],"_links":{"self":[{"href":"https:\/\/classics.report\/index.php?rest_route=\/wp\/v2\/posts\/704"}],"collection":[{"href":"https:\/\/classics.report\/index.php?rest_route=\/wp\/v2\/posts"}],"about":[{"href":"https:\/\/classics.report\/index.php?rest_route=\/wp\/v2\/types\/post"}],"author":[{"embeddable":true,"href":"https:\/\/classics.report\/index.php?rest_route=\/wp\/v2\/users\/1"}],"replies":[{"embeddable":true,"href":"https:\/\/classics.report\/index.php?rest_route=%2Fwp%2Fv2%2Fcomments&post=704"}],"version-history":[{"count":62,"href":"https:\/\/classics.report\/index.php?rest_route=\/wp\/v2\/posts\/704\/revisions"}],"predecessor-version":[{"id":7786,"href":"https:\/\/classics.report\/index.php?rest_route=\/wp\/v2\/posts\/704\/revisions\/7786"}],"wp:attachment":[{"href":"https:\/\/classics.report\/index.php?rest_route=%2Fwp%2Fv2%2Fmedia&parent=704"}],"wp:term":[{"taxonomy":"category","embeddable":true,"href":"https:\/\/classics.report\/index.php?rest_route=%2Fwp%2Fv2%2Fcategories&post=704"},{"taxonomy":"post_tag","embeddable":true,"href":"https:\/\/classics.report\/index.php?rest_route=%2Fwp%2Fv2%2Ftags&post=704"}],"curies":[{"name":"wp","href":"https:\/\/api.w.org\/{rel}","templated":true}]}}