{"id":6342,"date":"2018-11-28T11:48:48","date_gmt":"2018-11-28T11:48:48","guid":{"rendered":"http:\/\/classics.report\/?p=6342"},"modified":"2021-11-30T21:28:19","modified_gmt":"2021-11-30T21:28:19","slug":"porsche-mit-haken","status":"publish","type":"post","link":"https:\/\/classics.report\/?p=6342","title":{"rendered":"Porsche mit Haken"},"content":{"rendered":"<p><span style=\"color: #000000;\"><em>Gespr\u00e4ch unter Freunden: <span style=\"color: #800080;\"><span style=\"color: #000000;\">&#8222;<\/span>Hat ein Porsche nicht immer einen Haken?<\/span> <\/em><\/span><span style=\"color: #000000;\"><em><span style=\"color: #666699;\">Was meinst Du?<\/span><span style=\"color: #800080;\"> Naja, teuer und so &#8230;.<\/span> <span style=\"color: #666699;\">Wie und so?<\/span> <span style=\"color: #800080;\">Gibt es etwa preiswerte Porsche?<\/span> <span style=\"color: #666699;\">Ja klar, die mit Haken.<span style=\"color: #000000;\">&#8222;<\/span><\/span><\/em><\/span><em><br \/><\/em><\/p>\n<div id=\"attachment_6345\" style=\"width: 310px\" class=\"wp-caption alignleft\"><a href=\"https:\/\/classics.report\/wp-content\/uploads\/2018\/11\/amhaken.jpg\"><img aria-describedby=\"caption-attachment-6345\" decoding=\"async\" loading=\"lazy\" class=\"size-medium wp-image-6345\" src=\"https:\/\/classics.report\/wp-content\/uploads\/2018\/11\/amhaken-300x211.jpg\" alt=\"\" width=\"300\" height=\"211\" srcset=\"https:\/\/classics.report\/wp-content\/uploads\/2018\/11\/amhaken-300x211.jpg 300w, https:\/\/classics.report\/wp-content\/uploads\/2018\/11\/amhaken-768x540.jpg 768w, https:\/\/classics.report\/wp-content\/uploads\/2018\/11\/amhaken-624x439.jpg 624w, https:\/\/classics.report\/wp-content\/uploads\/2018\/11\/amhaken.jpg 857w\" sizes=\"(max-width: 300px) 100vw, 300px\" \/><\/a><p id=\"caption-attachment-6345\" class=\"wp-caption-text\">Quelle Bidausschnitt: Porsche<\/p><\/div>\n<p><strong>Es gibt Gelegenheiten, da muss man etwas ziehen:<\/strong> Pferde, Yachten, Flugzeuge, &#8230;. jeder hat Hobbies.<em><br \/><\/em><\/p>\n<p>Bei mir sind es andere Autos &#8211; also Oldtimer. Mal m\u00fcssen sie zum Lackierer, mal wird ihnen eine Anreise zur Veranstaltung auf fremder Achse erleichtert, es fehlt gerade die Zulassung usw. F\u00fcr solche Zwecke sind Sport-Utility-Vehicle (SUV) gemacht. Sport?<\/p>\n<div id=\"attachment_6404\" style=\"width: 635px\" class=\"wp-caption alignnone\"><a href=\"https:\/\/classics.report\/wp-content\/uploads\/2018\/11\/20181128_113014x.jpg\"><img aria-describedby=\"caption-attachment-6404\" decoding=\"async\" loading=\"lazy\" class=\"size-large wp-image-6404\" src=\"https:\/\/classics.report\/wp-content\/uploads\/2018\/11\/20181128_113014x-1024x393.jpg\" alt=\"\" width=\"625\" height=\"240\" srcset=\"https:\/\/classics.report\/wp-content\/uploads\/2018\/11\/20181128_113014x-1024x393.jpg 1024w, https:\/\/classics.report\/wp-content\/uploads\/2018\/11\/20181128_113014x-300x115.jpg 300w, https:\/\/classics.report\/wp-content\/uploads\/2018\/11\/20181128_113014x-768x295.jpg 768w, https:\/\/classics.report\/wp-content\/uploads\/2018\/11\/20181128_113014x-624x239.jpg 624w\" sizes=\"(max-width: 625px) 100vw, 625px\" \/><\/a><p id=\"caption-attachment-6404\" class=\"wp-caption-text\">1968er-Volkswagen 1300 auf dem Weg zum Autosattler<\/p><\/div>\n<p><em><img decoding=\"async\" loading=\"lazy\" class=\" wp-image-6481 alignright\" src=\"https:\/\/classics.report\/wp-content\/uploads\/2018\/11\/Sport6.jpg\" alt=\"\" width=\"120\" height=\"77\" \/>Sport treiben? Genau! Eine belastbare, stimmige Begr\u00fcndung f\u00fcr solch ein Auto! <\/em><\/p>\n<p>Ab zum Gebrauchtwagenkauf: Mein vor einem Jahr (2017) erstandener <em>Renntransporter<\/em><strong> hatte sich nach 10 Jahren und 51.000 km Gesamtlaufleistung auf fast 1\/4 der urspr\u00fcnglichen Kaufsumme\/Neupreis reduziert.<\/strong> Erstbesitz war Porsche selber, das Porsche-Entwicklungszentrum in Weissach.<\/p>\n<div id=\"attachment_6357\" style=\"width: 635px\" class=\"wp-caption alignnone\"><a href=\"https:\/\/classics.report\/wp-content\/uploads\/2018\/11\/20170721_173018.jpg\"><img aria-describedby=\"caption-attachment-6357\" decoding=\"async\" loading=\"lazy\" class=\"size-large wp-image-6357\" src=\"https:\/\/classics.report\/wp-content\/uploads\/2018\/11\/20170721_173018-1024x576.jpg\" alt=\"\" width=\"625\" height=\"352\" srcset=\"https:\/\/classics.report\/wp-content\/uploads\/2018\/11\/20170721_173018-1024x576.jpg 1024w, https:\/\/classics.report\/wp-content\/uploads\/2018\/11\/20170721_173018-300x169.jpg 300w, https:\/\/classics.report\/wp-content\/uploads\/2018\/11\/20170721_173018-768x432.jpg 768w, https:\/\/classics.report\/wp-content\/uploads\/2018\/11\/20170721_173018-624x351.jpg 624w\" sizes=\"(max-width: 625px) 100vw, 625px\" \/><\/a><p id=\"caption-attachment-6357\" class=\"wp-caption-text\">Porsche Cayenne 3.6 der 1. Generation (Faceliftmodell 2007), eingetragene max. gebrem. Anh\u00e4ngelast 3,5 Tonnen.<\/p><\/div>\n<div id=\"attachment_6358\" style=\"width: 635px\" class=\"wp-caption alignnone\"><a href=\"https:\/\/classics.report\/wp-content\/uploads\/2018\/11\/IMG-20170720-WA0009.jpeg\"><img aria-describedby=\"caption-attachment-6358\" decoding=\"async\" loading=\"lazy\" class=\"size-large wp-image-6358\" src=\"https:\/\/classics.report\/wp-content\/uploads\/2018\/11\/IMG-20170720-WA0009-1024x576.jpeg\" alt=\"\" width=\"625\" height=\"352\" srcset=\"https:\/\/classics.report\/wp-content\/uploads\/2018\/11\/IMG-20170720-WA0009-1024x576.jpeg 1024w, https:\/\/classics.report\/wp-content\/uploads\/2018\/11\/IMG-20170720-WA0009-300x169.jpeg 300w, https:\/\/classics.report\/wp-content\/uploads\/2018\/11\/IMG-20170720-WA0009-768x432.jpeg 768w, https:\/\/classics.report\/wp-content\/uploads\/2018\/11\/IMG-20170720-WA0009-624x351.jpeg 624w\" sizes=\"(max-width: 625px) 100vw, 625px\" \/><\/a><p id=\"caption-attachment-6358\" class=\"wp-caption-text\">3,6 Liter VR6-Benziner mit 290 PS aus dem VW-Regal.<\/p><\/div>\n<p><strong>Fa(hr)zit nach 1 Jahr als <em>Zugmaschine:<\/em><\/strong><\/p>\n<p><strong><img decoding=\"async\" loading=\"lazy\" class=\"alignnone size-full wp-image-6477\" src=\"https:\/\/classics.report\/wp-content\/uploads\/2018\/11\/s_lach.gif\" alt=\"\" width=\"37\" height=\"35\" \/><img decoding=\"async\" loading=\"lazy\" class=\"alignnone size-full wp-image-6477\" src=\"https:\/\/classics.report\/wp-content\/uploads\/2018\/11\/s_lach.gif\" alt=\"\" width=\"37\" height=\"35\" \/><img decoding=\"async\" loading=\"lazy\" class=\"alignnone size-full wp-image-6477\" src=\"https:\/\/classics.report\/wp-content\/uploads\/2018\/11\/s_lach.gif\" alt=\"\" width=\"37\" height=\"35\" \/><\/strong>\u00a0\u00a0 Gesamtes Fahrzeug \u00fcberzeugt auch nach 10 Jahren mit guter Qualit\u00e4t. Mir ausreichender Fahrspa\u00df in dieser Autoklasse &#8211; agil, angenehmer Motorsound beim Beschleunigen und eine Sport-Taste f\u00fcr das Getriebe erfreut Herz und Spieltrieb. Wohlf\u00fchlen aktivieren im gut verarbeiteten Innenraum auf voll-elektrischen Ledersitzen mit <em>Wirbels\u00e4ulendomestik <\/em>(Lordosenst\u00fctze) ist seine Paradedisziplin. Au\u00dferdem, auch wichtig, es gab bisher keine Reparaturen und den Oelwechsel kann man beispielsweise noch selber erledigen.<\/p>\n<p><strong><img decoding=\"async\" loading=\"lazy\" class=\"alignnone size-full wp-image-6477\" src=\"https:\/\/classics.report\/wp-content\/uploads\/2018\/11\/s_lach.gif\" alt=\"\" width=\"37\" height=\"35\" \/><img decoding=\"async\" loading=\"lazy\" class=\"alignnone size-full wp-image-6477\" src=\"https:\/\/classics.report\/wp-content\/uploads\/2018\/11\/s_lach.gif\" alt=\"\" width=\"37\" height=\"35\" \/><\/strong> \u00a0 Ein vergleichsweise niedriger Kaufpreis f\u00fcr viel Auto, zum Cayenne-Neuwagen allemal. Die alten Modelle der SUVs fallen stark im Preis &#8211; auch die Porsche! Den Gegenwert, den man beim Kauf eines 10 Jahre alten Autos erh\u00e4lt, ist solide. Motor, Kraft\u00fcbertragung, Karosserie, Fahrwerk &#8211; alles gut, kein Schw\u00e4cheln bei meiner 2,23 Tonnen-Fuhre. HU (T\u00fcv) wurde zwischenzeitlich problemlos absolviert.<\/p>\n<p><strong><img decoding=\"async\" loading=\"lazy\" class=\"alignnone size-full wp-image-6477\" src=\"https:\/\/classics.report\/wp-content\/uploads\/2018\/11\/s_lach.gif\" alt=\"\" width=\"37\" height=\"35\" \/><\/strong>\u00a0\u00a0 Automatikgetriebe, Allrad und ein kurzer \u00dcberhang von der Hinterachse zur Anh\u00e4ngerkupplung \u00fcberzeugen beim Einsatz vor dem Autotrailer. Die serienm\u00e4\u00dfige, zuschaltbare Getriebuntersetzung, ein echtes Gel\u00e4ndewagenzubeh\u00f6r, ist im<em> alten<\/em> Cayenne ein noch gebliebener, technischer Pluspunkt gg\u00fc. der aktuellen 3. Generation, wo diese Funktion aus Gewichtsgr\u00fcnden eingespart ist.<\/p>\n<p><strong><img decoding=\"async\" loading=\"lazy\" class=\"alignnone size-full wp-image-6478\" src=\"https:\/\/classics.report\/wp-content\/uploads\/2018\/11\/s_neut.gif\" alt=\"\" width=\"37\" height=\"34\" \/><\/strong> \u00a0 F\u00fcr mich ist der Cayenne kein Alltagsbegleiter geworden &#8211; zu gro\u00df, zu schwer, zu viel CO2-Aussto\u00df (310 g\/km), um damit Br\u00f6tchen zu holen. Als <em>Schlepper und Lastenesel <\/em>ist das SUV richtig eingesetzt.<\/p>\n<p><strong><img decoding=\"async\" loading=\"lazy\" class=\"alignnone size-full wp-image-6479\" src=\"https:\/\/classics.report\/wp-content\/uploads\/2018\/11\/s_neg.gif\" alt=\"\" width=\"35\" height=\"34\" \/><\/strong>\u00a0\u00a0 Erwartet hoher Spritverbrauch als Benziner. Ab 12 Litern Superplus auf 100 km (mit Anh\u00e4nger mehr) darf man kalkulieren. Kraft braucht Kraftstoff!<\/p>\n<p><strong><img decoding=\"async\" loading=\"lazy\" class=\"alignnone size-full wp-image-6479\" src=\"https:\/\/classics.report\/wp-content\/uploads\/2018\/11\/s_neg.gif\" alt=\"\" width=\"35\" height=\"34\" \/><img decoding=\"async\" loading=\"lazy\" class=\"alignnone size-full wp-image-6479\" src=\"https:\/\/classics.report\/wp-content\/uploads\/2018\/11\/s_neg.gif\" alt=\"\" width=\"35\" height=\"34\" \/><\/strong>\u00a0\u00a0 Cockpitbedienfunktionen nat\u00fcrlich etwas in die Jahre gekommen. Beispiel: das Porsche-Communication-Management (Audio, Navi und so) hat eine angestaubte Anmutung nach 10 Jahren Fortschritt auf diesem Gebiet. Wen wunderts?<\/p>\n<div id=\"attachment_6364\" style=\"width: 635px\" class=\"wp-caption alignnone\"><a href=\"https:\/\/classics.report\/wp-content\/uploads\/2018\/11\/IMG-20170720-WA0005.jpeg\"><img aria-describedby=\"caption-attachment-6364\" decoding=\"async\" loading=\"lazy\" class=\"size-large wp-image-6364\" src=\"https:\/\/classics.report\/wp-content\/uploads\/2018\/11\/IMG-20170720-WA0005-1024x576.jpeg\" alt=\"\" width=\"625\" height=\"352\" srcset=\"https:\/\/classics.report\/wp-content\/uploads\/2018\/11\/IMG-20170720-WA0005-1024x576.jpeg 1024w, https:\/\/classics.report\/wp-content\/uploads\/2018\/11\/IMG-20170720-WA0005-300x169.jpeg 300w, https:\/\/classics.report\/wp-content\/uploads\/2018\/11\/IMG-20170720-WA0005-768x432.jpeg 768w, https:\/\/classics.report\/wp-content\/uploads\/2018\/11\/IMG-20170720-WA0005-624x351.jpeg 624w\" sizes=\"(max-width: 625px) 100vw, 625px\" \/><\/a><p id=\"caption-attachment-6364\" class=\"wp-caption-text\">Bedienung quasi analog<\/p><\/div>\n<div id=\"attachment_6448\" style=\"width: 635px\" class=\"wp-caption alignnone\"><a href=\"https:\/\/classics.report\/wp-content\/uploads\/2018\/11\/IMG-20170720-WA0002.jpeg\"><img aria-describedby=\"caption-attachment-6448\" decoding=\"async\" loading=\"lazy\" class=\"size-large wp-image-6448\" src=\"https:\/\/classics.report\/wp-content\/uploads\/2018\/11\/IMG-20170720-WA0002-1024x576.jpeg\" alt=\"\" width=\"625\" height=\"352\" srcset=\"https:\/\/classics.report\/wp-content\/uploads\/2018\/11\/IMG-20170720-WA0002-1024x576.jpeg 1024w, https:\/\/classics.report\/wp-content\/uploads\/2018\/11\/IMG-20170720-WA0002-300x169.jpeg 300w, https:\/\/classics.report\/wp-content\/uploads\/2018\/11\/IMG-20170720-WA0002-768x432.jpeg 768w, https:\/\/classics.report\/wp-content\/uploads\/2018\/11\/IMG-20170720-WA0002-624x351.jpeg 624w\" sizes=\"(max-width: 625px) 100vw, 625px\" \/><\/a><p id=\"caption-attachment-6448\" class=\"wp-caption-text\">Wenn es sein muss &#8211; Anh\u00e4ngerkupplung abnehmbar<\/p><\/div>\n<div id=\"attachment_6449\" style=\"width: 635px\" class=\"wp-caption alignnone\"><a href=\"https:\/\/classics.report\/wp-content\/uploads\/2018\/11\/IMG-20170721-WA0000.jpeg\"><img aria-describedby=\"caption-attachment-6449\" decoding=\"async\" loading=\"lazy\" class=\"size-large wp-image-6449\" src=\"https:\/\/classics.report\/wp-content\/uploads\/2018\/11\/IMG-20170721-WA0000-1024x576.jpeg\" alt=\"\" width=\"625\" height=\"352\" srcset=\"https:\/\/classics.report\/wp-content\/uploads\/2018\/11\/IMG-20170721-WA0000-1024x576.jpeg 1024w, https:\/\/classics.report\/wp-content\/uploads\/2018\/11\/IMG-20170721-WA0000-300x169.jpeg 300w, https:\/\/classics.report\/wp-content\/uploads\/2018\/11\/IMG-20170721-WA0000-768x432.jpeg 768w, https:\/\/classics.report\/wp-content\/uploads\/2018\/11\/IMG-20170721-WA0000-624x351.jpeg 624w\" sizes=\"(max-width: 625px) 100vw, 625px\" \/><\/a><p id=\"caption-attachment-6449\" class=\"wp-caption-text\">Standard 19 Zoll R\u00e4der<\/p><\/div>\n\n\n<p>&#8230; hier dann doch noch eine Meldung aus der Werkstatt (update 10\/2020).<\/p>\n\n\n\n<figure class=\"wp-block-embed is-type-video is-provider-youtube wp-block-embed-youtube wp-embed-aspect-16-9 wp-has-aspect-ratio\"><div class=\"wp-block-embed__wrapper\">\n<iframe loading=\"lazy\" title=\"Nasse F\u00fc\u00dfe im Porsche Cayenne\" width=\"625\" height=\"352\" src=\"https:\/\/www.youtube.com\/embed\/umYJxXUvsN4?feature=oembed\" frameborder=\"0\" allow=\"accelerometer; autoplay; clipboard-write; encrypted-media; gyroscope; picture-in-picture; web-share\" allowfullscreen><\/iframe>\n<\/div><\/figure>\n","protected":false},"excerpt":{"rendered":"<p>Gespr\u00e4ch unter Freunden: &#8222;Hat ein Porsche nicht immer einen Haken? Was meinst Du? Naja, teuer und so &#8230;. Wie und so? Gibt es etwa preiswerte Porsche? Ja klar, die mit Haken.&#8222; Es gibt Gelegenheiten, da muss man etwas ziehen: Pferde, Yachten, Flugzeuge, &#8230;. jeder hat Hobbies. Bei mir sind es andere Autos &#8211; also Oldtimer. [&hellip;]<\/p>\n","protected":false},"author":1,"featured_media":0,"comment_status":"open","ping_status":"open","sticky":false,"template":"","format":"standard","meta":[],"categories":[22],"tags":[],"_links":{"self":[{"href":"https:\/\/classics.report\/index.php?rest_route=\/wp\/v2\/posts\/6342"}],"collection":[{"href":"https:\/\/classics.report\/index.php?rest_route=\/wp\/v2\/posts"}],"about":[{"href":"https:\/\/classics.report\/index.php?rest_route=\/wp\/v2\/types\/post"}],"author":[{"embeddable":true,"href":"https:\/\/classics.report\/index.php?rest_route=\/wp\/v2\/users\/1"}],"replies":[{"embeddable":true,"href":"https:\/\/classics.report\/index.php?rest_route=%2Fwp%2Fv2%2Fcomments&post=6342"}],"version-history":[{"count":92,"href":"https:\/\/classics.report\/index.php?rest_route=\/wp\/v2\/posts\/6342\/revisions"}],"predecessor-version":[{"id":8257,"href":"https:\/\/classics.report\/index.php?rest_route=\/wp\/v2\/posts\/6342\/revisions\/8257"}],"wp:attachment":[{"href":"https:\/\/classics.report\/index.php?rest_route=%2Fwp%2Fv2%2Fmedia&parent=6342"}],"wp:term":[{"taxonomy":"category","embeddable":true,"href":"https:\/\/classics.report\/index.php?rest_route=%2Fwp%2Fv2%2Fcategories&post=6342"},{"taxonomy":"post_tag","embeddable":true,"href":"https:\/\/classics.report\/index.php?rest_route=%2Fwp%2Fv2%2Ftags&post=6342"}],"curies":[{"name":"wp","href":"https:\/\/api.w.org\/{rel}","templated":true}]}}