{"id":5740,"date":"2018-04-15T16:18:45","date_gmt":"2018-04-15T16:18:45","guid":{"rendered":"http:\/\/classics.report\/?p=5740"},"modified":"2018-04-24T14:04:38","modified_gmt":"2018-04-24T14:04:38","slug":"landlust-ein-oldtimersonntag","status":"publish","type":"post","link":"https:\/\/classics.report\/?p=5740","title":{"rendered":"Landlust &#8211; ein Oldtimersonntag"},"content":{"rendered":"<h3>Wie, Du bist hier! Wie bist Du hier?<\/h3>\n<h3>Ist das wieder voll! Ich parke da ganz hinten.<\/h3>\n<p>So fangen Gespr\u00e4che an. In Rosendahl-Darfeld ist wieder Oldtimer-Treffen. <em>Du siehst Leute, &#8230;. die willst du vielleicht nicht sehen. Du siehst Autos, &#8230;. die willst du auch nicht sehen.<\/em> Es regnet heute Morgen, daher wohl der Stimmungsblues.<\/p>\n<div id=\"attachment_5785\" style=\"width: 635px\" class=\"wp-caption alignnone\"><a href=\"https:\/\/classics.report\/wp-content\/uploads\/2018\/04\/20180415_131306.jpg\"><img aria-describedby=\"caption-attachment-5785\" decoding=\"async\" loading=\"lazy\" class=\"size-large wp-image-5785\" src=\"https:\/\/classics.report\/wp-content\/uploads\/2018\/04\/20180415_131306-1024x576.jpg\" alt=\"\" width=\"625\" height=\"352\" srcset=\"https:\/\/classics.report\/wp-content\/uploads\/2018\/04\/20180415_131306-1024x576.jpg 1024w, https:\/\/classics.report\/wp-content\/uploads\/2018\/04\/20180415_131306-300x169.jpg 300w, https:\/\/classics.report\/wp-content\/uploads\/2018\/04\/20180415_131306-768x432.jpg 768w, https:\/\/classics.report\/wp-content\/uploads\/2018\/04\/20180415_131306-624x351.jpg 624w\" sizes=\"(max-width: 625px) 100vw, 625px\" \/><\/a><p id=\"caption-attachment-5785\" class=\"wp-caption-text\">Auf zu den Voss-Garagen! (Foto aus den vielen Modell-Vitrinen im Autohaus Voss)<\/p><\/div>\n<div id=\"attachment_5788\" style=\"width: 310px\" class=\"wp-caption alignright\"><a href=\"https:\/\/classics.report\/wp-content\/uploads\/2018\/04\/20180415_122915.jpg\"><img aria-describedby=\"caption-attachment-5788\" decoding=\"async\" loading=\"lazy\" class=\"size-medium wp-image-5788\" src=\"https:\/\/classics.report\/wp-content\/uploads\/2018\/04\/20180415_122915-300x169.jpg\" alt=\"\" width=\"300\" height=\"169\" srcset=\"https:\/\/classics.report\/wp-content\/uploads\/2018\/04\/20180415_122915-300x169.jpg 300w, https:\/\/classics.report\/wp-content\/uploads\/2018\/04\/20180415_122915-768x432.jpg 768w, https:\/\/classics.report\/wp-content\/uploads\/2018\/04\/20180415_122915-1024x576.jpg 1024w, https:\/\/classics.report\/wp-content\/uploads\/2018\/04\/20180415_122915-624x351.jpg 624w\" sizes=\"(max-width: 300px) 100vw, 300px\" \/><\/a><p id=\"caption-attachment-5788\" class=\"wp-caption-text\">BMW 325i E30 Gr. A 1986, DTM-Teilnehmer Olaf Manthey.<\/p><\/div>\n<p>15.04. gegen 11:30 Uhr. Doch noch Sonne &#8211; Sonntag &#8211; Oldtimerparty. Autohaus Voss l\u00e4d ein zum Saisonauftakt.\u00a0 Ja, wir haben Lust, wir fahren hin. In der Einladung steht u.a. was von DTM-Wagen &#8211; die lassen sich immer was einfallen!<\/p>\n<h3>Einsteigen, Dabeisein und n\u00e4chste Fahrt r\u00fcckw\u00e4rts &#8230;<\/h3>\n<div id=\"attachment_5762\" style=\"width: 310px\" class=\"wp-caption alignright\"><a href=\"https:\/\/classics.report\/wp-content\/uploads\/2018\/04\/20180415_120858x.jpg\"><img aria-describedby=\"caption-attachment-5762\" decoding=\"async\" loading=\"lazy\" class=\"size-medium wp-image-5762\" src=\"https:\/\/classics.report\/wp-content\/uploads\/2018\/04\/20180415_120858x-300x110.jpg\" alt=\"\" width=\"300\" height=\"110\" srcset=\"https:\/\/classics.report\/wp-content\/uploads\/2018\/04\/20180415_120858x-300x110.jpg 300w, https:\/\/classics.report\/wp-content\/uploads\/2018\/04\/20180415_120858x-768x281.jpg 768w, https:\/\/classics.report\/wp-content\/uploads\/2018\/04\/20180415_120858x-1024x375.jpg 1024w, https:\/\/classics.report\/wp-content\/uploads\/2018\/04\/20180415_120858x-624x229.jpg 624w\" sizes=\"(max-width: 300px) 100vw, 300px\" \/><\/a><p id=\"caption-attachment-5762\" class=\"wp-caption-text\">Oldtimerbesitzer zeigt gef\u00e4llige Heckpartie am Capri.<\/p><\/div>\n<p>&#8230; schiebt dich der Einweiser per Handzeichen in eine freie L\u00fccke auf dem Acker. Sp\u00e4t dran, aber endlich da. Neben unserem Oldie parkt ein Cadillac-Eldorado aus den sp\u00e4ten 60ern. <em>Nur mit den Augen ber\u00fchren<\/em> steht da an der Autoscheibe. Bohhh, so gro\u00dfe Augen habe ich gar nicht.<\/p>\n<div id=\"attachment_5801\" style=\"width: 310px\" class=\"wp-caption alignright\"><a href=\"https:\/\/classics.report\/wp-content\/uploads\/2018\/04\/20180415_121228.jpg\"><img aria-describedby=\"caption-attachment-5801\" decoding=\"async\" loading=\"lazy\" class=\"size-medium wp-image-5801\" src=\"https:\/\/classics.report\/wp-content\/uploads\/2018\/04\/20180415_121228-300x169.jpg\" alt=\"\" width=\"300\" height=\"169\" srcset=\"https:\/\/classics.report\/wp-content\/uploads\/2018\/04\/20180415_121228-300x169.jpg 300w, https:\/\/classics.report\/wp-content\/uploads\/2018\/04\/20180415_121228-768x432.jpg 768w, https:\/\/classics.report\/wp-content\/uploads\/2018\/04\/20180415_121228-1024x576.jpg 1024w, https:\/\/classics.report\/wp-content\/uploads\/2018\/04\/20180415_121228-624x351.jpg 624w\" sizes=\"(max-width: 300px) 100vw, 300px\" \/><\/a><p id=\"caption-attachment-5801\" class=\"wp-caption-text\">Fiat 850 Limausine (1964-68). Kofferraum vorn, Tank und Motor hinten. Plattform f\u00fcr viele weitere Karosserievarianten: Coup\u00e9, Spider, Kastenwagen.<\/p><\/div>\n<p>Aber schon gro\u00dfen Hunger. Arvid begleitet mich u.a. auch deshalb, weil ich ihm eine <em>Manta-Platte<\/em> versprochen habe. Das muss ich jetzt einl\u00f6sen, ich nehme eine Bratwurst an der angesteuerten Bude. In der Schlange der Hungrigen wartend werden wir angesprochen, alles ist so famili\u00e4r hier. Wenn ich jetzt noch den Namen behalten h\u00e4tte von meinem spontanen Gespr\u00e4chspartner, er wei\u00df noch meinen, wir kennen uns von verschiedenen Treffen. Bl\u00f6de (ich meine mich)! Aber ich habe behalten, er restauriert ein Mercedes-Ponton und erz\u00e4hlt mir sogleich seinen Arbeitsfortschritt.<\/p>\n<h3>Zwischenzeitlich lange gewartet auf das\u00a0 f a s t f o o d<\/h3>\n<div id=\"attachment_5815\" style=\"width: 310px\" class=\"wp-caption alignright\"><a href=\"https:\/\/classics.report\/wp-content\/uploads\/2018\/04\/20180415_125938.jpg\"><img aria-describedby=\"caption-attachment-5815\" decoding=\"async\" loading=\"lazy\" class=\"size-medium wp-image-5815\" src=\"https:\/\/classics.report\/wp-content\/uploads\/2018\/04\/20180415_125938-300x169.jpg\" alt=\"\" width=\"300\" height=\"169\" srcset=\"https:\/\/classics.report\/wp-content\/uploads\/2018\/04\/20180415_125938-300x169.jpg 300w, https:\/\/classics.report\/wp-content\/uploads\/2018\/04\/20180415_125938-768x432.jpg 768w, https:\/\/classics.report\/wp-content\/uploads\/2018\/04\/20180415_125938-1024x576.jpg 1024w, https:\/\/classics.report\/wp-content\/uploads\/2018\/04\/20180415_125938-624x351.jpg 624w\" sizes=\"(max-width: 300px) 100vw, 300px\" \/><\/a><p id=\"caption-attachment-5815\" class=\"wp-caption-text\">Renault-Fr\u00e9gate aus den 50ern &#8211; obere Mittelklasse mit 3-Gang-Halbautomatik (Transfluide &#8211; die G\u00e4nge werden \u00fcber einen Hebel am Lenkrad gewechselt, worauf die Kupplung elektromagnetisch ausr\u00fcckt). Super-selten!<\/p><\/div>\n<p><em>Mercedes habe ich nicht mehr<\/em> erz\u00e4hle ich ihm. <em>Nicht meine Marke<\/em>. Oh peinlich, ich versuche alles zu relativieren mit: <em>Ja, so ein Ponton in schwarz ist sch\u00f6n, k\u00f6nnte man ein Taxi-Schild drauf machen<\/em>. Wieder ungeschickt formuliert. Mein Gegen\u00fcber ist unbeeindruckt und geht sogleich \u00fcber in die Details seiner momentanen Probleme mit der Mercedes-Achseinstellung: Sturz, Vorlauf, Nachlauf, Radgewichte. Arvid hat seine Pommes und die Currywurst schon gegessen. Ich nicke und nicke bei einer mir bekannten Thematik und vergesse dabei abzubei\u00dfen.<\/p>\n<div id=\"attachment_5764\" style=\"width: 635px\" class=\"wp-caption alignnone\"><a href=\"https:\/\/classics.report\/wp-content\/uploads\/2018\/04\/20180415_120215.jpg\"><img aria-describedby=\"caption-attachment-5764\" decoding=\"async\" loading=\"lazy\" class=\"size-large wp-image-5764\" src=\"https:\/\/classics.report\/wp-content\/uploads\/2018\/04\/20180415_120215-1024x576.jpg\" alt=\"\" width=\"625\" height=\"352\" srcset=\"https:\/\/classics.report\/wp-content\/uploads\/2018\/04\/20180415_120215-1024x576.jpg 1024w, https:\/\/classics.report\/wp-content\/uploads\/2018\/04\/20180415_120215-300x169.jpg 300w, https:\/\/classics.report\/wp-content\/uploads\/2018\/04\/20180415_120215-768x432.jpg 768w, https:\/\/classics.report\/wp-content\/uploads\/2018\/04\/20180415_120215-624x351.jpg 624w\" sizes=\"(max-width: 625px) 100vw, 625px\" \/><\/a><p id=\"caption-attachment-5764\" class=\"wp-caption-text\">Buick, Opel &#8211; was jetzt? Ernsthaft:\u00a0Beim Buick Opel handelte es sich um die US-Exportversion des Isuzu Gemini, der zur weitverzweigten GM-Modellfamilie geh\u00f6rte. Damit war der Buick Opel (1976-79) unter anderem mit dem Opel Kadett C und der Chevrolet Chevette verwandt.<\/p><\/div>\n<div id=\"attachment_5804\" style=\"width: 310px\" class=\"wp-caption alignright\"><a href=\"https:\/\/classics.report\/wp-content\/uploads\/2018\/04\/20180415_125108.jpg\"><img aria-describedby=\"caption-attachment-5804\" decoding=\"async\" loading=\"lazy\" class=\"size-medium wp-image-5804\" src=\"https:\/\/classics.report\/wp-content\/uploads\/2018\/04\/20180415_125108-300x169.jpg\" alt=\"\" width=\"300\" height=\"169\" srcset=\"https:\/\/classics.report\/wp-content\/uploads\/2018\/04\/20180415_125108-300x169.jpg 300w, https:\/\/classics.report\/wp-content\/uploads\/2018\/04\/20180415_125108-768x432.jpg 768w, https:\/\/classics.report\/wp-content\/uploads\/2018\/04\/20180415_125108-1024x576.jpg 1024w, https:\/\/classics.report\/wp-content\/uploads\/2018\/04\/20180415_125108-624x351.jpg 624w\" sizes=\"(max-width: 300px) 100vw, 300px\" \/><\/a><p id=\"caption-attachment-5804\" class=\"wp-caption-text\">23-Fenster-Bus mit gro\u00dfem Faltschiebedach &#8211; &#8222;Samba&#8220;.<\/p><\/div>\n<p>Da tippt mich ein anderer Bekannter an und zieht mich zu seinen buddies r\u00fcber, aus dem Mercedes-Gespr\u00e4ch bin ich vorerst erl\u00f6st. Das Gespr\u00e4ch welchselt zu Sportwagen. <em>Hast du den 912-Soft-Targa schon gesehen? Hast du das S-Modell noch? Der Spyder ist doch nicht echt hier? War das ab Werk &#8230;.? <\/em>Ich antworte abwechselnd mit ja und nein auf die geschlossenen Fragen. So werde ich mit der Bratwurst fertig. Nach der Wurst kann ich in ganzen S\u00e4tzen sprechen und das Gespr\u00e4ch ist jetzt kurzweilig &#8211; f\u00fcr mich. Nicht f\u00fcr Arvid, er hat vermutlich alles schon einmal geh\u00f6rt, ist satt und sogleich weg. Er hat einen Kumpel getroffen. Mal sehen, wie er zur\u00fcckf\u00e4hrt, vermutlich organisiert er sich was. Ich sehe noch eine WhatsApp-Nachricht von ihm auf dem Handy. Ach ja &#8211; Handy! Fotos will ich doch heute noch machen.<\/p>\n<h3><em>Alles so sch\u00f6n bunt hier<\/em> &#8211; habe ich wirklich nur Amerikaner fotografiert?<\/h3>\n<div id=\"attachment_5765\" style=\"width: 635px\" class=\"wp-caption alignnone\"><a href=\"https:\/\/classics.report\/wp-content\/uploads\/2018\/04\/20180415_124744.jpg\"><img aria-describedby=\"caption-attachment-5765\" decoding=\"async\" loading=\"lazy\" class=\"size-large wp-image-5765\" src=\"https:\/\/classics.report\/wp-content\/uploads\/2018\/04\/20180415_124744-1024x576.jpg\" alt=\"\" width=\"625\" height=\"352\" srcset=\"https:\/\/classics.report\/wp-content\/uploads\/2018\/04\/20180415_124744-1024x576.jpg 1024w, https:\/\/classics.report\/wp-content\/uploads\/2018\/04\/20180415_124744-300x169.jpg 300w, https:\/\/classics.report\/wp-content\/uploads\/2018\/04\/20180415_124744-768x432.jpg 768w, https:\/\/classics.report\/wp-content\/uploads\/2018\/04\/20180415_124744-624x351.jpg 624w\" sizes=\"(max-width: 625px) 100vw, 625px\" \/><\/a><p id=\"caption-attachment-5765\" class=\"wp-caption-text\">Edzel &#8211; bei Ford das Synonym f\u00fcr Katastrophe. Insges. nur 110 Tsd. Einheiten und nicht einmal 3 Jahre gebaut (1957-60). Die Amerikaner mochten Fords neue Mittelklasse nicht. Pferdehalfter oder gar weibliche Geschlechtsmerkmale wurden mit der Formensprache der Front assoziiert. In den B\u00fcchern der Firmengeschichte als gro\u00dfe Abschreibung gef\u00fchrt.<\/p><\/div>\n<div id=\"attachment_5766\" style=\"width: 635px\" class=\"wp-caption alignnone\"><a href=\"https:\/\/classics.report\/wp-content\/uploads\/2018\/04\/20180415_124025.jpg\"><img aria-describedby=\"caption-attachment-5766\" decoding=\"async\" loading=\"lazy\" class=\"size-large wp-image-5766\" src=\"https:\/\/classics.report\/wp-content\/uploads\/2018\/04\/20180415_124025-1024x576.jpg\" alt=\"\" width=\"625\" height=\"352\" srcset=\"https:\/\/classics.report\/wp-content\/uploads\/2018\/04\/20180415_124025-1024x576.jpg 1024w, https:\/\/classics.report\/wp-content\/uploads\/2018\/04\/20180415_124025-300x169.jpg 300w, https:\/\/classics.report\/wp-content\/uploads\/2018\/04\/20180415_124025-768x432.jpg 768w, https:\/\/classics.report\/wp-content\/uploads\/2018\/04\/20180415_124025-624x351.jpg 624w\" sizes=\"(max-width: 625px) 100vw, 625px\" \/><\/a><p id=\"caption-attachment-5766\" class=\"wp-caption-text\">Der Station Wagon (Villager) bietet seinem Besitzer nicht nur immer einen Platz an &#8211; er ist heute ein seltener Sammlerwagen. V8 mit 303 PS und 5.916 ccm. Preis 1959 ca. $ 3.500 &#8211; das waren zu der Zeit ca. DM 15.000.<\/p><\/div>\n<div id=\"attachment_5768\" style=\"width: 635px\" class=\"wp-caption alignnone\"><a href=\"https:\/\/classics.report\/wp-content\/uploads\/2018\/04\/20180415_122034.jpg\"><img aria-describedby=\"caption-attachment-5768\" decoding=\"async\" loading=\"lazy\" class=\"size-large wp-image-5768\" src=\"https:\/\/classics.report\/wp-content\/uploads\/2018\/04\/20180415_122034-1024x576.jpg\" alt=\"\" width=\"625\" height=\"352\" srcset=\"https:\/\/classics.report\/wp-content\/uploads\/2018\/04\/20180415_122034-1024x576.jpg 1024w, https:\/\/classics.report\/wp-content\/uploads\/2018\/04\/20180415_122034-300x169.jpg 300w, https:\/\/classics.report\/wp-content\/uploads\/2018\/04\/20180415_122034-768x432.jpg 768w, https:\/\/classics.report\/wp-content\/uploads\/2018\/04\/20180415_122034-624x351.jpg 624w\" sizes=\"(max-width: 625px) 100vw, 625px\" \/><\/a><p id=\"caption-attachment-5768\" class=\"wp-caption-text\">Bei den interessanten Details habe ich vergessen den ganzen Chevrolet Apache ins Bild zu nehmen.<\/p><\/div>\n<p><a href=\"https:\/\/classics.report\/wp-content\/uploads\/2018\/04\/20180415_122144.jpg\"><img decoding=\"async\" loading=\"lazy\" class=\"alignnone size-medium wp-image-5770\" src=\"https:\/\/classics.report\/wp-content\/uploads\/2018\/04\/20180415_122144-300x169.jpg\" alt=\"\" width=\"300\" height=\"169\" srcset=\"https:\/\/classics.report\/wp-content\/uploads\/2018\/04\/20180415_122144-300x169.jpg 300w, https:\/\/classics.report\/wp-content\/uploads\/2018\/04\/20180415_122144-768x432.jpg 768w, https:\/\/classics.report\/wp-content\/uploads\/2018\/04\/20180415_122144-1024x576.jpg 1024w, https:\/\/classics.report\/wp-content\/uploads\/2018\/04\/20180415_122144-624x351.jpg 624w\" sizes=\"(max-width: 300px) 100vw, 300px\" \/><\/a> <a href=\"https:\/\/classics.report\/wp-content\/uploads\/2018\/04\/20180415_122250.jpg\"><img decoding=\"async\" loading=\"lazy\" class=\"alignnone size-medium wp-image-5774\" src=\"https:\/\/classics.report\/wp-content\/uploads\/2018\/04\/20180415_122250-300x169.jpg\" alt=\"\" width=\"300\" height=\"169\" srcset=\"https:\/\/classics.report\/wp-content\/uploads\/2018\/04\/20180415_122250-300x169.jpg 300w, https:\/\/classics.report\/wp-content\/uploads\/2018\/04\/20180415_122250-768x432.jpg 768w, https:\/\/classics.report\/wp-content\/uploads\/2018\/04\/20180415_122250-1024x576.jpg 1024w, https:\/\/classics.report\/wp-content\/uploads\/2018\/04\/20180415_122250-624x351.jpg 624w\" sizes=\"(max-width: 300px) 100vw, 300px\" \/><\/a><\/p>\n<div id=\"attachment_5769\" style=\"width: 635px\" class=\"wp-caption alignnone\"><a href=\"https:\/\/classics.report\/wp-content\/uploads\/2018\/04\/20180415_122017.jpg\"><img aria-describedby=\"caption-attachment-5769\" decoding=\"async\" loading=\"lazy\" class=\"size-large wp-image-5769\" src=\"https:\/\/classics.report\/wp-content\/uploads\/2018\/04\/20180415_122017-1024x576.jpg\" alt=\"\" width=\"625\" height=\"352\" srcset=\"https:\/\/classics.report\/wp-content\/uploads\/2018\/04\/20180415_122017-1024x576.jpg 1024w, https:\/\/classics.report\/wp-content\/uploads\/2018\/04\/20180415_122017-300x169.jpg 300w, https:\/\/classics.report\/wp-content\/uploads\/2018\/04\/20180415_122017-768x432.jpg 768w, https:\/\/classics.report\/wp-content\/uploads\/2018\/04\/20180415_122017-624x351.jpg 624w\" sizes=\"(max-width: 625px) 100vw, 625px\" \/><\/a><p id=\"caption-attachment-5769\" class=\"wp-caption-text\">Die Lunte ist kurz in Texas.<\/p><\/div>\n<div id=\"attachment_5776\" style=\"width: 635px\" class=\"wp-caption alignnone\"><a href=\"https:\/\/classics.report\/wp-content\/uploads\/2018\/04\/20180415_123853.jpg\"><img aria-describedby=\"caption-attachment-5776\" decoding=\"async\" loading=\"lazy\" class=\"size-large wp-image-5776\" src=\"https:\/\/classics.report\/wp-content\/uploads\/2018\/04\/20180415_123853-1024x576.jpg\" alt=\"\" width=\"625\" height=\"352\" srcset=\"https:\/\/classics.report\/wp-content\/uploads\/2018\/04\/20180415_123853-1024x576.jpg 1024w, https:\/\/classics.report\/wp-content\/uploads\/2018\/04\/20180415_123853-300x169.jpg 300w, https:\/\/classics.report\/wp-content\/uploads\/2018\/04\/20180415_123853-768x432.jpg 768w, https:\/\/classics.report\/wp-content\/uploads\/2018\/04\/20180415_123853-624x351.jpg 624w\" sizes=\"(max-width: 625px) 100vw, 625px\" \/><\/a><p id=\"caption-attachment-5776\" class=\"wp-caption-text\">Der Funktion der faltbaren Hardtop-Dachmechanik eines Ford Galaxie Skyliner (1959) zuzuschauen ist ein Erlebnis. Um die aufwendige Konstruktion zu steuern sind 10 Relais, 11 Sensoren und 7 Elektromotoren im Einsatz. Fahren wird zur Nebensache. Das verbleibende Kofferraumvolumen bei ge\u00f6ffnetem, versenktem Dach &#8211; die Blechkiste in der Mitte.<\/p><\/div>\n<p><a href=\"https:\/\/classics.report\/wp-content\/uploads\/2018\/04\/20180415_123822.jpg\"><img decoding=\"async\" loading=\"lazy\" class=\"alignnone size-medium wp-image-5781\" src=\"https:\/\/classics.report\/wp-content\/uploads\/2018\/04\/20180415_123822-300x169.jpg\" alt=\"\" width=\"300\" height=\"169\" srcset=\"https:\/\/classics.report\/wp-content\/uploads\/2018\/04\/20180415_123822-300x169.jpg 300w, https:\/\/classics.report\/wp-content\/uploads\/2018\/04\/20180415_123822-768x432.jpg 768w, https:\/\/classics.report\/wp-content\/uploads\/2018\/04\/20180415_123822-1024x576.jpg 1024w, https:\/\/classics.report\/wp-content\/uploads\/2018\/04\/20180415_123822-624x351.jpg 624w\" sizes=\"(max-width: 300px) 100vw, 300px\" \/><\/a> <a href=\"https:\/\/classics.report\/wp-content\/uploads\/2018\/04\/20180415_123833.jpg\"><img decoding=\"async\" loading=\"lazy\" class=\"alignnone size-medium wp-image-5775\" src=\"https:\/\/classics.report\/wp-content\/uploads\/2018\/04\/20180415_123833-300x169.jpg\" alt=\"\" width=\"300\" height=\"169\" srcset=\"https:\/\/classics.report\/wp-content\/uploads\/2018\/04\/20180415_123833-300x169.jpg 300w, https:\/\/classics.report\/wp-content\/uploads\/2018\/04\/20180415_123833-768x432.jpg 768w, https:\/\/classics.report\/wp-content\/uploads\/2018\/04\/20180415_123833-1024x576.jpg 1024w, https:\/\/classics.report\/wp-content\/uploads\/2018\/04\/20180415_123833-624x351.jpg 624w\" sizes=\"(max-width: 300px) 100vw, 300px\" \/><\/a><\/p>\n<div id=\"attachment_5777\" style=\"width: 635px\" class=\"wp-caption alignnone\"><a href=\"https:\/\/classics.report\/wp-content\/uploads\/2018\/04\/20180415_125621.jpg\"><img aria-describedby=\"caption-attachment-5777\" decoding=\"async\" loading=\"lazy\" class=\"size-large wp-image-5777\" src=\"https:\/\/classics.report\/wp-content\/uploads\/2018\/04\/20180415_125621-1024x576.jpg\" alt=\"\" width=\"625\" height=\"352\" srcset=\"https:\/\/classics.report\/wp-content\/uploads\/2018\/04\/20180415_125621-1024x576.jpg 1024w, https:\/\/classics.report\/wp-content\/uploads\/2018\/04\/20180415_125621-300x169.jpg 300w, https:\/\/classics.report\/wp-content\/uploads\/2018\/04\/20180415_125621-768x432.jpg 768w, https:\/\/classics.report\/wp-content\/uploads\/2018\/04\/20180415_125621-624x351.jpg 624w\" sizes=\"(max-width: 625px) 100vw, 625px\" \/><\/a><p id=\"caption-attachment-5777\" class=\"wp-caption-text\">Chevrolet El Camino &#8211; eine Karosserieform, die in Europa nie angekommen ist. Schade eigentlich. Hier die 3. Generation (1968-72) der Idee aus einem leistungsstarken PKW ein leichtes Nutzfahrzeug abzuleiten. SS steht f\u00fcr Super-Sport und bedeutet V8 mit 7,5 Ltr. Hubraum, 456\u00a0PS und 678 Nm Drehmoment (wie auch in der Chevelle SS).<\/p><\/div>\n<p><a href=\"https:\/\/classics.report\/wp-content\/uploads\/2018\/04\/20180415_125508.jpg\"><img decoding=\"async\" loading=\"lazy\" class=\"alignnone size-medium wp-image-5782\" src=\"https:\/\/classics.report\/wp-content\/uploads\/2018\/04\/20180415_125508-300x169.jpg\" alt=\"\" width=\"300\" height=\"169\" srcset=\"https:\/\/classics.report\/wp-content\/uploads\/2018\/04\/20180415_125508-300x169.jpg 300w, https:\/\/classics.report\/wp-content\/uploads\/2018\/04\/20180415_125508-768x432.jpg 768w, https:\/\/classics.report\/wp-content\/uploads\/2018\/04\/20180415_125508-1024x576.jpg 1024w, https:\/\/classics.report\/wp-content\/uploads\/2018\/04\/20180415_125508-624x351.jpg 624w\" sizes=\"(max-width: 300px) 100vw, 300px\" \/><\/a> <a href=\"https:\/\/classics.report\/wp-content\/uploads\/2018\/04\/20180415_125429.jpg\"><img decoding=\"async\" loading=\"lazy\" class=\"alignnone size-medium wp-image-5783\" src=\"https:\/\/classics.report\/wp-content\/uploads\/2018\/04\/20180415_125429-300x169.jpg\" alt=\"\" width=\"300\" height=\"169\" srcset=\"https:\/\/classics.report\/wp-content\/uploads\/2018\/04\/20180415_125429-300x169.jpg 300w, https:\/\/classics.report\/wp-content\/uploads\/2018\/04\/20180415_125429-768x432.jpg 768w, https:\/\/classics.report\/wp-content\/uploads\/2018\/04\/20180415_125429-1024x576.jpg 1024w, https:\/\/classics.report\/wp-content\/uploads\/2018\/04\/20180415_125429-624x351.jpg 624w\" sizes=\"(max-width: 300px) 100vw, 300px\" \/><\/a><\/p>\n<p>&nbsp;<\/p>\n<p>Ein gelungener Sonntagnachmittag. Danke ans Voss-Team. <em>Sind wir nicht alle ein bisschen Bluna?<\/em><\/p>\n<p><a href=\"https:\/\/classics.report\/wp-content\/uploads\/2018\/04\/20180415_132509.jpg\"><img decoding=\"async\" loading=\"lazy\" class=\"alignnone size-large wp-image-5784\" src=\"https:\/\/classics.report\/wp-content\/uploads\/2018\/04\/20180415_132509-1024x576.jpg\" alt=\"\" width=\"625\" height=\"352\" srcset=\"https:\/\/classics.report\/wp-content\/uploads\/2018\/04\/20180415_132509-1024x576.jpg 1024w, https:\/\/classics.report\/wp-content\/uploads\/2018\/04\/20180415_132509-300x169.jpg 300w, https:\/\/classics.report\/wp-content\/uploads\/2018\/04\/20180415_132509-768x432.jpg 768w, https:\/\/classics.report\/wp-content\/uploads\/2018\/04\/20180415_132509-624x351.jpg 624w\" sizes=\"(max-width: 625px) 100vw, 625px\" \/><\/a><\/p>\n<p>&nbsp;<\/p>\n<div id=\"post-body-content\">\n<div id=\"postdivrich\" class=\"postarea wp-editor-expand\">\n<div id=\"wp-content-wrap\" class=\"wp-core-ui wp-editor-wrap tmce-active has-dfw\">\n<div id=\"wp-content-editor-container\" class=\"wp-editor-container\">\n<div id=\"mceu_24\" class=\"mce-tinymce mce-container mce-panel\" tabindex=\"-1\" role=\"application\">\n<div id=\"mceu_24-body\" class=\"mce-container-body mce-stack-layout\">\n<div id=\"mceu_25\" class=\"mce-toolbar-grp mce-container mce-panel mce-stack-layout-item mce-first\" tabindex=\"-1\" role=\"group\">\n<div id=\"mceu_25-body\" class=\"mce-container-body mce-stack-layout\">\n<div id=\"mceu_28\" class=\"mce-container mce-toolbar mce-stack-layout-item mce-last\" role=\"toolbar\">\n<div id=\"mceu_28-body\" class=\"mce-container-body mce-flow-layout\">\n<div id=\"mceu_29\" class=\"mce-container mce-flow-layout-item mce-first mce-last mce-btn-group\" role=\"group\">\n<div id=\"mceu_29-body\">\n<div id=\"mceu_13\" class=\"mce-widget mce-btn mce-first\" tabindex=\"-1\" role=\"button\" aria-label=\"Strikethrough\"><a href=\"https:\/\/classics.report\/wp-content\/uploads\/2018\/04\/20180415_131700.jpg\"><img decoding=\"async\" loading=\"lazy\" class=\"size-medium wp-image-5810 alignright\" src=\"https:\/\/classics.report\/wp-content\/uploads\/2018\/04\/20180415_131700-300x169.jpg\" alt=\"\" width=\"300\" height=\"169\" srcset=\"https:\/\/classics.report\/wp-content\/uploads\/2018\/04\/20180415_131700-300x169.jpg 300w, https:\/\/classics.report\/wp-content\/uploads\/2018\/04\/20180415_131700-768x432.jpg 768w, https:\/\/classics.report\/wp-content\/uploads\/2018\/04\/20180415_131700-1024x576.jpg 1024w, https:\/\/classics.report\/wp-content\/uploads\/2018\/04\/20180415_131700-624x351.jpg 624w\" sizes=\"(max-width: 300px) 100vw, 300px\" \/><\/a> P.S. Motorrad-highlight:<\/div>\n<div tabindex=\"-1\" role=\"button\" aria-label=\"Strikethrough\"><\/div>\n<\/div>\n<\/div>\n<div tabindex=\"-1\" role=\"button\" aria-label=\"Strikethrough\"><\/div>\n<div id=\"mceu_29\" class=\"mce-container mce-flow-layout-item mce-first mce-last mce-btn-group\" role=\"group\">\n<div tabindex=\"-1\" role=\"button\" aria-label=\"Strikethrough\">Arvid pr\u00fcft den Auspuff der h\u00f6llisch lauten Benelli-Rennmaschine.<\/div>\n<div id=\"mceu_29-body\">\n<div class=\"mce-widget mce-btn mce-first\" tabindex=\"-1\" role=\"button\" aria-label=\"Strikethrough\"><\/div>\n<div tabindex=\"-1\" role=\"button\" aria-label=\"Strikethrough\">\n<p><a href=\"https:\/\/classics.report\/wp-content\/uploads\/2018\/04\/20180415_131709.jpg\"><img decoding=\"async\" loading=\"lazy\" class=\"size-large wp-image-5809\" src=\"https:\/\/classics.report\/wp-content\/uploads\/2018\/04\/20180415_131709-1024x576.jpg\" alt=\"\" width=\"625\" height=\"352\" srcset=\"https:\/\/classics.report\/wp-content\/uploads\/2018\/04\/20180415_131709-1024x576.jpg 1024w, https:\/\/classics.report\/wp-content\/uploads\/2018\/04\/20180415_131709-300x169.jpg 300w, https:\/\/classics.report\/wp-content\/uploads\/2018\/04\/20180415_131709-768x432.jpg 768w, https:\/\/classics.report\/wp-content\/uploads\/2018\/04\/20180415_131709-624x351.jpg 624w\" sizes=\"(max-width: 625px) 100vw, 625px\" \/><\/a><\/p>\n<\/div>\n<\/div>\n<\/div>\n<\/div>\n<\/div>\n<\/div>\n<\/div>\n<\/div>\n<\/div>\n<\/div>\n<\/div>\n<\/div>\n<\/div>\n","protected":false},"excerpt":{"rendered":"<p>Wie, Du bist hier! Wie bist Du hier? Ist das wieder voll! Ich parke da ganz hinten. So fangen Gespr\u00e4che an. In Rosendahl-Darfeld ist wieder Oldtimer-Treffen. Du siehst Leute, &#8230;. die willst du vielleicht nicht sehen. Du siehst Autos, &#8230;. die willst du auch nicht sehen. Es regnet heute Morgen, daher wohl der Stimmungsblues. 15.04. [&hellip;]<\/p>\n","protected":false},"author":1,"featured_media":0,"comment_status":"open","ping_status":"open","sticky":false,"template":"","format":"standard","meta":[],"categories":[33,38],"tags":[],"_links":{"self":[{"href":"https:\/\/classics.report\/index.php?rest_route=\/wp\/v2\/posts\/5740"}],"collection":[{"href":"https:\/\/classics.report\/index.php?rest_route=\/wp\/v2\/posts"}],"about":[{"href":"https:\/\/classics.report\/index.php?rest_route=\/wp\/v2\/types\/post"}],"author":[{"embeddable":true,"href":"https:\/\/classics.report\/index.php?rest_route=\/wp\/v2\/users\/1"}],"replies":[{"embeddable":true,"href":"https:\/\/classics.report\/index.php?rest_route=%2Fwp%2Fv2%2Fcomments&post=5740"}],"version-history":[{"count":75,"href":"https:\/\/classics.report\/index.php?rest_route=\/wp\/v2\/posts\/5740\/revisions"}],"predecessor-version":[{"id":5871,"href":"https:\/\/classics.report\/index.php?rest_route=\/wp\/v2\/posts\/5740\/revisions\/5871"}],"wp:attachment":[{"href":"https:\/\/classics.report\/index.php?rest_route=%2Fwp%2Fv2%2Fmedia&parent=5740"}],"wp:term":[{"taxonomy":"category","embeddable":true,"href":"https:\/\/classics.report\/index.php?rest_route=%2Fwp%2Fv2%2Fcategories&post=5740"},{"taxonomy":"post_tag","embeddable":true,"href":"https:\/\/classics.report\/index.php?rest_route=%2Fwp%2Fv2%2Ftags&post=5740"}],"curies":[{"name":"wp","href":"https:\/\/api.w.org\/{rel}","templated":true}]}}