{"id":5176,"date":"2018-02-12T09:49:51","date_gmt":"2018-02-12T09:49:51","guid":{"rendered":"http:\/\/classics.report\/?p=5176"},"modified":"2018-03-06T07:49:52","modified_gmt":"2018-03-06T07:49:52","slug":"f-modell-rennelfer-enthusiasmus-fuer-ambitionierte-piloten-oder-insolvenz-in-eigenregie-fortsetzungsgeschichte-teil-4-s-dreht-sich-was","status":"publish","type":"post","link":"https:\/\/classics.report\/?p=5176","title":{"rendered":"F-Modell-Rennelfer \u2013 Enthusiasmus f\u00fcr ambitionierte Piloten oder Insolvenz in Eigenregie? Fortsetzungsgeschichte Teil 4: S dreht sich was"},"content":{"rendered":"<p><a href=\"https:\/\/classics.report\/wp-content\/uploads\/2018\/02\/IMG_7570.jpg\"><img decoding=\"async\" loading=\"lazy\" class=\"alignnone size-large wp-image-5425\" src=\"https:\/\/classics.report\/wp-content\/uploads\/2018\/02\/IMG_7570-1024x683.jpg\" alt=\"\" width=\"625\" height=\"417\" srcset=\"https:\/\/classics.report\/wp-content\/uploads\/2018\/02\/IMG_7570-1024x683.jpg 1024w, https:\/\/classics.report\/wp-content\/uploads\/2018\/02\/IMG_7570-300x200.jpg 300w, https:\/\/classics.report\/wp-content\/uploads\/2018\/02\/IMG_7570-768x512.jpg 768w, https:\/\/classics.report\/wp-content\/uploads\/2018\/02\/IMG_7570-624x416.jpg 624w, https:\/\/classics.report\/wp-content\/uploads\/2018\/02\/IMG_7570.jpg 1728w\" sizes=\"(max-width: 625px) 100vw, 625px\" \/><\/a><\/p>\n<p>&#8222;Autofahren beginnt f\u00fcr mich dort, wo ich den Wagen mit dem Gaspedal statt dem Lenkrad steuere.&#8220; Ein Zitat vom<em> Meister<\/em> (Walter R\u00f6hrl).<\/p>\n<p><a href=\"https:\/\/classics.report\/wp-content\/uploads\/2018\/02\/P2_13.jpg\"><img decoding=\"async\" loading=\"lazy\" class=\"size-medium wp-image-5427 alignleft\" src=\"https:\/\/classics.report\/wp-content\/uploads\/2018\/02\/P2_13-300x162.jpg\" alt=\"\" width=\"300\" height=\"162\" srcset=\"https:\/\/classics.report\/wp-content\/uploads\/2018\/02\/P2_13-300x162.jpg 300w, https:\/\/classics.report\/wp-content\/uploads\/2018\/02\/P2_13.jpg 447w\" sizes=\"(max-width: 300px) 100vw, 300px\" \/><\/a>Um das ann\u00e4herungsweise zu k\u00f6nnen, muss man \u00fcben, \u00fcben, \u00fcben, &#8230;. \u00fcben!<\/p>\n<p>Aber, wo geht das? Gewiss, nur auf Rennstrecken oder abgesperrtem Gel\u00e4nde. Eine Anmeldung f\u00fcr ein Fahrertraining beim ADAC war f\u00e4llig.<\/p>\n<h3>Der Elfer darf tanzen!<\/h3>\n<p>Sehr sinnvoll sein eigenes Auto mit den fahrdynamishen Eigenschaften zu testen. Noch sinnvoller, seine eigenen fahrerischen Qualit\u00e4ten einstufen zu k\u00f6nnen. Ja, ich fahre schon lange Auto, aber<em> im Renn-Elfer sitzt du am Anfang drin wie eine Wurst!<\/em> Nach einem sochen Training f\u00fchlt man sich besser, sicherer. Der Porsche, mit der Tracktion und dem Gewicht auf der Hinterachse, ist jedenfalls daf\u00fcr gemacht.<\/p>\n<p><em>Jetzt hab&#8216; ich es &#8211; man f\u00fchlt sich mutiger!<\/em> Kein Problem auf dem abgesteckten Kurs.<em><br \/>\n<\/em><\/p>\n<p><a href=\"https:\/\/classics.report\/wp-content\/uploads\/2018\/02\/P2_12.jpg\"><img decoding=\"async\" loading=\"lazy\" class=\"alignnone size-medium wp-image-5429\" src=\"https:\/\/classics.report\/wp-content\/uploads\/2018\/02\/P2_12-300x225.jpg\" alt=\"\" width=\"300\" height=\"225\" srcset=\"https:\/\/classics.report\/wp-content\/uploads\/2018\/02\/P2_12-300x225.jpg 300w, https:\/\/classics.report\/wp-content\/uploads\/2018\/02\/P2_12.jpg 320w\" sizes=\"(max-width: 300px) 100vw, 300px\" \/><\/a>\u00a0 <a href=\"https:\/\/classics.report\/wp-content\/uploads\/2018\/02\/P2_11.jpg\"><img decoding=\"async\" loading=\"lazy\" class=\"alignnone size-medium wp-image-5428\" src=\"https:\/\/classics.report\/wp-content\/uploads\/2018\/02\/P2_11-300x225.jpg\" alt=\"\" width=\"300\" height=\"225\" srcset=\"https:\/\/classics.report\/wp-content\/uploads\/2018\/02\/P2_11-300x225.jpg 300w, https:\/\/classics.report\/wp-content\/uploads\/2018\/02\/P2_11.jpg 320w\" sizes=\"(max-width: 300px) 100vw, 300px\" \/><\/a><\/p>\n<p>Zweimal habe ich ein ADAC-Fahrertraining dieser Art mit dem blauen Elfer (da macht es am meisten Spa\u00df) bisher gemacht. Bewertung: sehr empfehlenswert!<\/p>\n<p><a href=\"https:\/\/classics.report\/wp-content\/uploads\/2018\/02\/IMG_1463x.jpg\"><img decoding=\"async\" loading=\"lazy\" class=\"alignnone size-large wp-image-5431\" src=\"https:\/\/classics.report\/wp-content\/uploads\/2018\/02\/IMG_1463x-1024x208.jpg\" alt=\"\" width=\"625\" height=\"127\" srcset=\"https:\/\/classics.report\/wp-content\/uploads\/2018\/02\/IMG_1463x-1024x208.jpg 1024w, https:\/\/classics.report\/wp-content\/uploads\/2018\/02\/IMG_1463x-300x61.jpg 300w, https:\/\/classics.report\/wp-content\/uploads\/2018\/02\/IMG_1463x-768x156.jpg 768w, https:\/\/classics.report\/wp-content\/uploads\/2018\/02\/IMG_1463x-624x127.jpg 624w, https:\/\/classics.report\/wp-content\/uploads\/2018\/02\/IMG_1463x.jpg 1448w\" sizes=\"(max-width: 625px) 100vw, 625px\" \/><\/a><\/p>\n<p>Andere Wochenenden in Weeze (Flugfeld), am N\u00fcrburgring, Teststrecke Papenburg etc. folgten.<\/p>\n<h3>Entschleunigung mit Antrieb<\/h3>\n<p><img decoding=\"async\" loading=\"lazy\" class=\"size-thumbnail wp-image-3299 alignleft\" src=\"https:\/\/classics.report\/wp-content\/uploads\/2015\/05\/froemmel_050416_716-150x150.jpg\" alt=\"\" width=\"150\" height=\"150\" \/>Fr\u00fch an Sommertagen, sagen wir mal gegen 5 Uhr, stehe ich auch gelegentlich auf und r\u00e4ubere durch die Kurvenstrecken der Baumberge im M\u00fcnsterland. Die Endgeschwindigkeit auf den Landstra\u00dfen ist dabei nicht das Thema &#8211; sportliche Bewegungsfahrt, so k\u00f6nnte man das nennen. Nat\u00fcrlich unter Achtung der STVO. Nat\u00fcrlich!<\/p>\n<p>Zu Ausfl\u00fcgen und Treffen nehme ich den blauen Elfer auch schon mal mit, aber nie zu Kaffeefahrten, wo man vielleicht mit 30 km\/h hinter dem Kleinschmittger oder K\u00e4fer bummelt, fahren kann man das ja nicht nennen. Das ist auch sch\u00f6n in einem Cabriolet und bei sch\u00f6nem Wetter. NUR &#8211; NICHT &#8211; IN &#8211; DIESEM &#8211; AUTO! F\u00fcr solch ein Am\u00fcsement sitze ich dann auch lieber in einem K\u00e4fer. \ud83d\ude42<\/p>\n<h3><img decoding=\"async\" loading=\"lazy\" class=\"size-medium wp-image-5433 alignleft\" src=\"https:\/\/classics.report\/wp-content\/uploads\/2018\/02\/HQ6A4542-300x200.jpg\" alt=\"\" width=\"300\" height=\"200\" srcset=\"https:\/\/classics.report\/wp-content\/uploads\/2018\/02\/HQ6A4542-300x200.jpg 300w, https:\/\/classics.report\/wp-content\/uploads\/2018\/02\/HQ6A4542.jpg 600w\" sizes=\"(max-width: 300px) 100vw, 300px\" \/><span style=\"color: #000000;\">Die Lizenz zum &#8230;.<br \/>\n<\/span><\/h3>\n<p><span style=\"color: #000000;\">Auch urbane Umgebung vermeide ich. <\/span><span style=\"color: #000000;\">Der durchw\u00e4rmte Motor will und kann ohne Gewissensbisse in den einzelnen G\u00e4ngen bis zur Nenndrehzahl hochbeschleunigt werden. Untertourig verh\u00e4lt sich der 911 S wie ein <em>bockiges Indianerponny<\/em>, das geht nur aufs Material. <em>No, no never <\/em>Stadtverkehr. Deshalb hier noch ein Beispiel, bzw. ein Tipp f\u00fcr eine Veranstaltung mit Helmpflicht: DMSB, nationale Lizenz A. Ein Zweitages-Training mit anschlie\u00dfender Pr\u00fcfung am z.B. N\u00fcrburgring.\u00a0<\/span><span style=\"color: #000000;\">Der Deutsche Motorsportbund ert<\/span>eilt diese <a href=\"http:\/\/www.dmsb.de\/active\/lizenznehmer\/automobil-lizenzen\/\"><span style=\"color: #000080;\">Automobil-Lizenz<\/span><\/a> mit Berechtigung zur Teilnahme an Wettbewerben wie: Slalom, Rallye, Rundstrecke, Bergrennen etc.<\/p>\n<p><img decoding=\"async\" loading=\"lazy\" class=\"alignnone size-large wp-image-5435\" src=\"https:\/\/classics.report\/wp-content\/uploads\/2018\/02\/20180209_121309x-1024x844.jpg\" alt=\"\" width=\"625\" height=\"515\" srcset=\"https:\/\/classics.report\/wp-content\/uploads\/2018\/02\/20180209_121309x-1024x844.jpg 1024w, https:\/\/classics.report\/wp-content\/uploads\/2018\/02\/20180209_121309x-300x247.jpg 300w, https:\/\/classics.report\/wp-content\/uploads\/2018\/02\/20180209_121309x-768x633.jpg 768w, https:\/\/classics.report\/wp-content\/uploads\/2018\/02\/20180209_121309x-624x514.jpg 624w\" sizes=\"(max-width: 625px) 100vw, 625px\" \/><\/p>\n<p>Zum Schluss noch der Video-Dreh f\u00fcr die WDR-Lokalzeit mit dem Titel:\u00a0 &#8222;50 Jahre Porsche 911&#8220;.<\/p>\n<p><iframe loading=\"lazy\" src=\"https:\/\/www.youtube.com\/embed\/N3Vjq7VuOl0?rel=0\" width=\"560\" height=\"315\" frameborder=\"0\" allowfullscreen=\"allowfullscreen\"><\/iframe><\/p>\n<p>Und das war bekanntlich 2014.<\/p>\n<p>Ziele bleiben! Die Betriebsanleitung von <strong>dem<\/strong> 1973er-Auto liegt dazu schon griffbereit. Die Preise der 911 sollen ja aktuell wieder fallen.\u00a0 \ud83d\ude09<\/p>\n<p><a href=\"https:\/\/classics.report\/?p=5130\"><span style=\"color: #ff6600;\"><img decoding=\"async\" loading=\"lazy\" class=\"alignnone size-large wp-image-5451\" src=\"https:\/\/classics.report\/wp-content\/uploads\/2018\/02\/20180211_162415-1024x576.jpg\" alt=\"\" width=\"625\" height=\"352\" srcset=\"https:\/\/classics.report\/wp-content\/uploads\/2018\/02\/20180211_162415-1024x576.jpg 1024w, https:\/\/classics.report\/wp-content\/uploads\/2018\/02\/20180211_162415-300x169.jpg 300w, https:\/\/classics.report\/wp-content\/uploads\/2018\/02\/20180211_162415-768x432.jpg 768w, https:\/\/classics.report\/wp-content\/uploads\/2018\/02\/20180211_162415-624x351.jpg 624w\" sizes=\"(max-width: 625px) 100vw, 625px\" \/><\/span><\/a><\/p>\n<hr \/>\n<p style=\"padding-left: 30px;\"><span style=\"color: #ff6600;\"><span style=\"color: #000000;\">Fortsetzungsgeschichte Teil \u00a0<a href=\"https:\/\/classics.report\/?p=5130\"><span style=\"color: #ff6600;\">1<\/span><\/a>\u00a0 \u00a0<a href=\"https:\/\/classics.report\/?p=5148\"><span style=\"color: #ff6600;\">2<\/span><\/a>\u00a0 \u00a0<a href=\"https:\/\/classics.report\/?p=5157\"><span style=\"color: #ff6600;\">3<\/span><\/a>\u00a0 \u00a04<\/span> <\/span><\/p>\n<hr \/>\n<p>&nbsp;<\/p>\n","protected":false},"excerpt":{"rendered":"<p>&#8222;Autofahren beginnt f\u00fcr mich dort, wo ich den Wagen mit dem Gaspedal statt dem Lenkrad steuere.&#8220; Ein Zitat vom Meister (Walter R\u00f6hrl). Um das ann\u00e4herungsweise zu k\u00f6nnen, muss man \u00fcben, \u00fcben, \u00fcben, &#8230;. \u00fcben! Aber, wo geht das? Gewiss, nur auf Rennstrecken oder abgesperrtem Gel\u00e4nde. Eine Anmeldung f\u00fcr ein Fahrertraining beim ADAC war f\u00e4llig. Der [&hellip;]<\/p>\n","protected":false},"author":1,"featured_media":0,"comment_status":"open","ping_status":"open","sticky":false,"template":"","format":"standard","meta":[],"categories":[21,11],"tags":[],"_links":{"self":[{"href":"https:\/\/classics.report\/index.php?rest_route=\/wp\/v2\/posts\/5176"}],"collection":[{"href":"https:\/\/classics.report\/index.php?rest_route=\/wp\/v2\/posts"}],"about":[{"href":"https:\/\/classics.report\/index.php?rest_route=\/wp\/v2\/types\/post"}],"author":[{"embeddable":true,"href":"https:\/\/classics.report\/index.php?rest_route=\/wp\/v2\/users\/1"}],"replies":[{"embeddable":true,"href":"https:\/\/classics.report\/index.php?rest_route=%2Fwp%2Fv2%2Fcomments&post=5176"}],"version-history":[{"count":49,"href":"https:\/\/classics.report\/index.php?rest_route=\/wp\/v2\/posts\/5176\/revisions"}],"predecessor-version":[{"id":5553,"href":"https:\/\/classics.report\/index.php?rest_route=\/wp\/v2\/posts\/5176\/revisions\/5553"}],"wp:attachment":[{"href":"https:\/\/classics.report\/index.php?rest_route=%2Fwp%2Fv2%2Fmedia&parent=5176"}],"wp:term":[{"taxonomy":"category","embeddable":true,"href":"https:\/\/classics.report\/index.php?rest_route=%2Fwp%2Fv2%2Fcategories&post=5176"},{"taxonomy":"post_tag","embeddable":true,"href":"https:\/\/classics.report\/index.php?rest_route=%2Fwp%2Fv2%2Ftags&post=5176"}],"curies":[{"name":"wp","href":"https:\/\/api.w.org\/{rel}","templated":true}]}}