{"id":3817,"date":"2017-11-12T09:53:46","date_gmt":"2017-11-12T09:53:46","guid":{"rendered":"http:\/\/classics.report\/?p=3817"},"modified":"2018-11-19T09:31:03","modified_gmt":"2018-11-19T09:31:03","slug":"gibt-es-das-kaefer-gen-und-wenn-ja-wird-es-vererbt","status":"publish","type":"post","link":"https:\/\/classics.report\/?p=3817","title":{"rendered":"Gibt es das K\u00e4fer-Gen? Und wenn ja, wird es vererbt?"},"content":{"rendered":"<p>Das hast du bestimmt schon einmal geh\u00f6rt: &#8222;Mein erstes gesprochenes Wort war A.U.T.O.&#8220; Und dann noch so ein Nachsatz: &#8222;das ist mir wohl vererbt worden.&#8220; Was? So ein Stumpfsinn! Diese Phrase habe ich sogar in Interviews mit Vorst\u00e4nden gro\u00dfer Automobilkonzerne geh\u00f6rt. Andererseits, die setzen Millionen f\u00fcr die Forschung ein, vielleicht haben die Recht? \ud83d\ude42<\/p>\n<div id=\"attachment_3879\" style=\"width: 295px\" class=\"wp-caption alignright\"><img aria-describedby=\"caption-attachment-3879\" decoding=\"async\" loading=\"lazy\" class=\"size-full wp-image-3879\" src=\"https:\/\/classics.report\/wp-content\/uploads\/2017\/11\/U_H\u00e4__K\u00e4fer.jpg\" alt=\"\" width=\"285\" height=\"411\" srcset=\"https:\/\/classics.report\/wp-content\/uploads\/2017\/11\/U_H\u00e4__K\u00e4fer.jpg 285w, https:\/\/classics.report\/wp-content\/uploads\/2017\/11\/U_H\u00e4__K\u00e4fer-208x300.jpg 208w\" sizes=\"(max-width: 285px) 100vw, 285px\" \/><p id=\"caption-attachment-3879\" class=\"wp-caption-text\">Udo Johannes mit seinem schwarzen Ovali, Mitte der 50er Jahre<\/p><\/div>\n<p>Also, wenn dem so w\u00e4re, dann h\u00e4tte ich es auch &#8211; vererbt bekommen. Aber von wem? Von Papa, von Mutti, vom Omma &#8230;. jetzt wird&#8217;s eng. Und die Fragen werden immer suspekter: Hat meine \u00e4ltere Schwester es vielleicht auch? Ihr erstes Auto war immerhin ein 1969er K\u00e4fer, bei ihrem ersten gesprochenen Wort war ich nicht dabei.<\/p>\n<p>Als ich mit 18 den F\u00fchrerschein bekam, wir sprechen hier von anno 1976, musste noch am F\u00fchrerschein-Pr\u00fcfungs-Samstag ein Auto her. Es war gerade Druckerstreik und unsere Tageszeitung wurde an diesem Wochenende nur als Notausgabe verteilt &#8211; eine Katastrophe! Im Kleinanzeigenteil waren vielleicht l\u00e4cherliche 4 oder 5 Annoncen unter der Rubrik <em>Automarkt\/zu verkaufen<\/em> zu finden. Kein VW, was sollte das f\u00fcr ein Markt sein? Nix mobile.de, <em>wir hatten ja nix.<\/em><\/p>\n<p>Vielleicht mache ich es kurz, ein Kapitel meiner dunklen Autogeschichte. Ja, ich habe den billigen, durchgerosteten R4 an besagtem Wochenende noch gekauf, der in dem minimalen Notk\u00e4sebl\u00e4ttchen stand. Und ich glaube, es waren auch nur 3 Anzeigen! Jedenfalls fuhr ich wenige Tage sp\u00e4ter mit dem <em>gebrauchten Franzosen<\/em> und einer neu erworbenen Fell-Lenkradbespannung vom Liborimarkt (Volksfest in PB) durch Paderborn. Ja, ich stamme aus Paderborn, der Autostadt von VW-Thiel und Bauer&amp;Bickmeier.<\/p>\n<div id=\"attachment_3881\" style=\"width: 400px\" class=\"wp-caption alignleft\"><img aria-describedby=\"caption-attachment-3881\" decoding=\"async\" loading=\"lazy\" class=\"size-full wp-image-3881\" src=\"https:\/\/classics.report\/wp-content\/uploads\/2017\/11\/his_ani.gif\" alt=\"\" width=\"390\" height=\"400\" \/><p id=\"caption-attachment-3881\" class=\"wp-caption-text\">Nachgestellte Szene vom Bild oben mit dem schwarzen 1303 L K\u00e4fer-Cabriolet, Jurek Johannes und Olaf Johannes, 2012<\/p><\/div>\n<p>Bereits Monate sp\u00e4ter bretterte eine giftgr\u00fcne Kawasaki durch den R4 und hat das rostige Elend an der Tegelwegkreuzung, so hei\u00dfen Stra\u00dfen in PB, in zwei H\u00e4lften geteilt. Es kam niemand zu gesundheitlichem Schaden. Das war gut! F\u00fcr den Renault war das das Finale, der Abgang &#8211; zum Schrottplatz &#8211; zu Schakat. So hei\u00dfen wiederum Schrotth\u00e4ndler in PB. Gleichwohl floss Bares in meine klamme Kasse, nicht von Schakat, von der Versicherung. Ab sofort war ich wieder Investor.<\/p>\n<p>Ich konnte jetzt auf einen K\u00e4fer setzen. Kam das Gen durch? Papa hatte mal einen schwarzen Ovali (dieser K\u00e4fer mit dem Ovalfenster oben im Bild). 1976 war das aber auch schon 20 Jahre her. Die Zeit war reif f\u00fcr mich und den VW 1300. Der Aufstieg von 26 PS (R4) auf 40 PS war unter 1.000 DM im Paderborner Gebrauchtwagenmarkt m\u00f6glich. Nat\u00fcrlich, alles spiele sich in Paderborn ab, man kaufte im nahen Umfeld, das war \u00fcblich. Nix mobile.de, <em>wir hatten ja &#8230;. ach &#8230;. wurde schon gesagt.<br \/>\n<\/em><\/p>\n<div id=\"attachment_4355\" style=\"width: 310px\" class=\"wp-caption alignleft\"><a href=\"https:\/\/classics.report\/wp-content\/uploads\/2017\/11\/20171117_092641x.jpg\"><img aria-describedby=\"caption-attachment-4355\" decoding=\"async\" loading=\"lazy\" class=\"size-medium wp-image-4355\" src=\"https:\/\/classics.report\/wp-content\/uploads\/2017\/11\/20171117_092641x-300x254.jpg\" alt=\"\" width=\"300\" height=\"254\" srcset=\"https:\/\/classics.report\/wp-content\/uploads\/2017\/11\/20171117_092641x-300x254.jpg 300w, https:\/\/classics.report\/wp-content\/uploads\/2017\/11\/20171117_092641x-768x651.jpg 768w, https:\/\/classics.report\/wp-content\/uploads\/2017\/11\/20171117_092641x-1024x867.jpg 1024w, https:\/\/classics.report\/wp-content\/uploads\/2017\/11\/20171117_092641x-624x529.jpg 624w\" sizes=\"(max-width: 300px) 100vw, 300px\" \/><\/a><p id=\"caption-attachment-4355\" class=\"wp-caption-text\">Habe noch ein Bild von meinem ersten 1970er-K\u00e4fer in einem alten Unfallgutachten gefunden &#8211; das war dann viel sp\u00e4ter, wo sich unsere Wege wieder trennten.<\/p><\/div>\n<p>Endlich! Ich fuhr stolz den 1300er (Baujahr 1970), den ich schon wenige Tage sp\u00e4ter frisiert hatte. Damit meine ich nicht, dass ich die Fell-Lenkradbestannung gek\u00e4mmt habe, welches vom R4 noch \u00fcbrig war. Freilich war es auch kein Motor- oder Fahrwerkstuning, daf\u00fcr reichte mein Autoschraubersachverstand noch nicht aus. Die vordere Sto\u00dfstange bekam erst einmal zwei Fern- und zwei Nebellichter verpasst &#8211; geringsch\u00e4tzig von Laien (ohne das omin\u00f6se Gen) auch als Tannenbaum bezeichnet. Der Schein der Hella-H?-Lampen hat ganz sch\u00f6n gezittert auf dem Chromsto\u00dff\u00e4nger des K\u00e4fers, was m\u00f6glicherweise auch an der mangelnden Befestigung lag. Da mu\u00dfte Abhilfe geschaffen werden! Und wie soll ich das jetzt erkl\u00e4ren? Gedankensprung. Bei uns in der Waschk\u00fcche, so etwas gab es wirklich, stand ein Drahtw\u00e4schekorb, den ich so lange mit Seitenschneider und Kombizange bearbeitete, bis ein kunstvolles Rallye-Zubeh\u00f6r entstand. Es war ein Sozusagen-Steinschlag-Schutzgitter f\u00fcr die wackelige Lampenreihe, passgerecht f\u00fcr eine K\u00e4ferfront-Montage. Der Verkauf der Design-Rechte h\u00e4tte bei Kamei vermutlich sofort eine Serieproduktion ausgel\u00f6st, aber soweit sollte es nicht kommen. Jedenfalls waren mit dem Sozusagen-Steinschlag-Sch &#8230;.. dem Ding die Zubeh\u00f6r-Lampen erst einmal stabilisiert. Der K\u00e4fer hatte fortan ein sportliches Aussehen &#8211; <em>den b\u00f6sen Blick.<\/em><\/p>\n<p>Fortan war ein Zeitraum von genau 3 Tagen. Polizeikontrolle. Auf dem Beifahrersitz sa\u00df Omma, hinten Mutti. Oh wie peinlich, eine Polizeilehrstunde, doziert von einer wei\u00dfen Maus, inmitten einer st\u00e4ttischen Hauptverkehrsader. Wei\u00dfe M\u00e4use haben eine Waschkorb-Hypersensibilit\u00e4t, das nichts mit Genen zu tun hat, das muss man wissen! Ich musste nicht ins Gef\u00e4ngnis, ich bekam keine Geldstrafe, es kam schlimmer. Ich musste das drahtgeflechtige Ding an Ort und Stelle abschrauben. Als wir weiterfuhren fragte Omma auf dem Beifahrersitz, Mutti hielt indessen im Font das entfernte Rallye-Zubeh\u00f6r fest: &#8222;was wollte der, einen W\u00e4schekorb?&#8220; Omma hatte nicht gemerkt, dass sie bei Fahrtbeginn in einen Rallye-K\u00e4fer eingestiegen war.<\/p>\n<p>Soviel steht fest: Omma hat das K\u00e4fer-Gen nicht weitergegeben.<\/p>\n<p>&nbsp;<\/p>\n<hr \/>\n<p>Hier noch etwas K\u00e4fer-Historie aus dem j\u00fcngeren Familienalbum:<\/p>\n<div id=\"attachment_3884\" style=\"width: 1738px\" class=\"wp-caption alignnone\"><img aria-describedby=\"caption-attachment-3884\" decoding=\"async\" loading=\"lazy\" class=\"size-full wp-image-3884\" src=\"https:\/\/classics.report\/wp-content\/uploads\/2017\/11\/IMG_4199.jpg\" alt=\"\" width=\"1728\" height=\"1152\" srcset=\"https:\/\/classics.report\/wp-content\/uploads\/2017\/11\/IMG_4199.jpg 1728w, https:\/\/classics.report\/wp-content\/uploads\/2017\/11\/IMG_4199-300x200.jpg 300w, https:\/\/classics.report\/wp-content\/uploads\/2017\/11\/IMG_4199-768x512.jpg 768w, https:\/\/classics.report\/wp-content\/uploads\/2017\/11\/IMG_4199-1024x683.jpg 1024w, https:\/\/classics.report\/wp-content\/uploads\/2017\/11\/IMG_4199-624x416.jpg 624w\" sizes=\"(max-width: 1728px) 100vw, 1728px\" \/><p id=\"caption-attachment-3884\" class=\"wp-caption-text\">1964-D\u00fcnnholmer, K\u00e4ferkauf aus einer Scheune bei Beckum in 2007<\/p><\/div>\n<div id=\"attachment_3885\" style=\"width: 1738px\" class=\"wp-caption alignnone\"><img aria-describedby=\"caption-attachment-3885\" decoding=\"async\" loading=\"lazy\" class=\"size-full wp-image-3885\" src=\"https:\/\/classics.report\/wp-content\/uploads\/2017\/11\/IMG_4948.jpg\" alt=\"\" width=\"1728\" height=\"1152\" srcset=\"https:\/\/classics.report\/wp-content\/uploads\/2017\/11\/IMG_4948.jpg 1728w, https:\/\/classics.report\/wp-content\/uploads\/2017\/11\/IMG_4948-300x200.jpg 300w, https:\/\/classics.report\/wp-content\/uploads\/2017\/11\/IMG_4948-768x512.jpg 768w, https:\/\/classics.report\/wp-content\/uploads\/2017\/11\/IMG_4948-1024x683.jpg 1024w, https:\/\/classics.report\/wp-content\/uploads\/2017\/11\/IMG_4948-624x416.jpg 624w\" sizes=\"(max-width: 1728px) 100vw, 1728px\" \/><p id=\"caption-attachment-3885\" class=\"wp-caption-text\">Arvid im 1967er-D\u00fcnnholmer, 2008<\/p><\/div>\n<div id=\"attachment_3883\" style=\"width: 1738px\" class=\"wp-caption alignnone\"><img aria-describedby=\"caption-attachment-3883\" decoding=\"async\" loading=\"lazy\" class=\"size-full wp-image-3883\" src=\"https:\/\/classics.report\/wp-content\/uploads\/2017\/11\/IMG_6859.jpg\" alt=\"\" width=\"1728\" height=\"1152\" srcset=\"https:\/\/classics.report\/wp-content\/uploads\/2017\/11\/IMG_6859.jpg 1728w, https:\/\/classics.report\/wp-content\/uploads\/2017\/11\/IMG_6859-300x200.jpg 300w, https:\/\/classics.report\/wp-content\/uploads\/2017\/11\/IMG_6859-768x512.jpg 768w, https:\/\/classics.report\/wp-content\/uploads\/2017\/11\/IMG_6859-1024x683.jpg 1024w, https:\/\/classics.report\/wp-content\/uploads\/2017\/11\/IMG_6859-624x416.jpg 624w\" sizes=\"(max-width: 1728px) 100vw, 1728px\" \/><p id=\"caption-attachment-3883\" class=\"wp-caption-text\">Jurek im 1962er-Dickholmer mit Faltdach, 2009<\/p><\/div>\n<div id=\"attachment_3882\" style=\"width: 477px\" class=\"wp-caption alignnone\"><img aria-describedby=\"caption-attachment-3882\" decoding=\"async\" loading=\"lazy\" class=\"size-full wp-image-3882\" src=\"https:\/\/classics.report\/wp-content\/uploads\/2017\/11\/B2_10.jpg\" alt=\"\" width=\"467\" height=\"312\" srcset=\"https:\/\/classics.report\/wp-content\/uploads\/2017\/11\/B2_10.jpg 467w, https:\/\/classics.report\/wp-content\/uploads\/2017\/11\/B2_10-300x200.jpg 300w\" sizes=\"(max-width: 467px) 100vw, 467px\" \/><p id=\"caption-attachment-3882\" class=\"wp-caption-text\">Einstellungsarbeiten am K\u00e4fer 1500 von 1970 , Arvid, 2012<\/p><\/div>\n<div id=\"attachment_3922\" style=\"width: 1615px\" class=\"wp-caption alignnone\"><img aria-describedby=\"caption-attachment-3922\" decoding=\"async\" loading=\"lazy\" class=\"size-full wp-image-3922\" src=\"https:\/\/classics.report\/wp-content\/uploads\/2017\/11\/IMG_9697xx.jpg\" alt=\"\" width=\"1605\" height=\"837\" srcset=\"https:\/\/classics.report\/wp-content\/uploads\/2017\/11\/IMG_9697xx.jpg 1605w, https:\/\/classics.report\/wp-content\/uploads\/2017\/11\/IMG_9697xx-300x156.jpg 300w, https:\/\/classics.report\/wp-content\/uploads\/2017\/11\/IMG_9697xx-768x401.jpg 768w, https:\/\/classics.report\/wp-content\/uploads\/2017\/11\/IMG_9697xx-1024x534.jpg 1024w, https:\/\/classics.report\/wp-content\/uploads\/2017\/11\/IMG_9697xx-624x325.jpg 624w\" sizes=\"(max-width: 1605px) 100vw, 1605px\" \/><p id=\"caption-attachment-3922\" class=\"wp-caption-text\">Noch ein 1500 von 1968 (altes Design, liegenden Scheinwerfern), Ausfahrt in 2012<\/p><\/div>\n<div id=\"attachment_3901\" style=\"width: 1738px\" class=\"wp-caption alignnone\"><img aria-describedby=\"caption-attachment-3901\" decoding=\"async\" loading=\"lazy\" class=\"size-full wp-image-3901\" src=\"https:\/\/classics.report\/wp-content\/uploads\/2017\/11\/IMG_8818.jpg\" alt=\"\" width=\"1728\" height=\"1152\" srcset=\"https:\/\/classics.report\/wp-content\/uploads\/2017\/11\/IMG_8818.jpg 1728w, https:\/\/classics.report\/wp-content\/uploads\/2017\/11\/IMG_8818-300x200.jpg 300w, https:\/\/classics.report\/wp-content\/uploads\/2017\/11\/IMG_8818-768x512.jpg 768w, https:\/\/classics.report\/wp-content\/uploads\/2017\/11\/IMG_8818-1024x683.jpg 1024w, https:\/\/classics.report\/wp-content\/uploads\/2017\/11\/IMG_8818-624x416.jpg 624w\" sizes=\"(max-width: 1728px) 100vw, 1728px\" \/><p id=\"caption-attachment-3901\" class=\"wp-caption-text\">Arvid am Ovali in 2012, K\u00e4fer mit der Ovalscheibe wurden gebaut von 1953 bis 1957 (hier ein 56er)<\/p><\/div>\n<div id=\"attachment_3899\" style=\"width: 1571px\" class=\"wp-caption alignnone\"><img aria-describedby=\"caption-attachment-3899\" decoding=\"async\" loading=\"lazy\" class=\"size-full wp-image-3899\" src=\"https:\/\/classics.report\/wp-content\/uploads\/2017\/11\/IMG_1916xx.jpg\" alt=\"\" width=\"1561\" height=\"831\" srcset=\"https:\/\/classics.report\/wp-content\/uploads\/2017\/11\/IMG_1916xx.jpg 1561w, https:\/\/classics.report\/wp-content\/uploads\/2017\/11\/IMG_1916xx-300x160.jpg 300w, https:\/\/classics.report\/wp-content\/uploads\/2017\/11\/IMG_1916xx-768x409.jpg 768w, https:\/\/classics.report\/wp-content\/uploads\/2017\/11\/IMG_1916xx-1024x545.jpg 1024w, https:\/\/classics.report\/wp-content\/uploads\/2017\/11\/IMG_1916xx-624x332.jpg 624w\" sizes=\"(max-width: 1561px) 100vw, 1561px\" \/><p id=\"caption-attachment-3899\" class=\"wp-caption-text\">Jurek bei der Strohernte im 1973er 1303 L Cabriolet, 2013<\/p><\/div>\n<p>&nbsp;<\/p>\n","protected":false},"excerpt":{"rendered":"<p>Das hast du bestimmt schon einmal geh\u00f6rt: &#8222;Mein erstes gesprochenes Wort war A.U.T.O.&#8220; Und dann noch so ein Nachsatz: &#8222;das ist mir wohl vererbt worden.&#8220; Was? So ein Stumpfsinn! Diese Phrase habe ich sogar in Interviews mit Vorst\u00e4nden gro\u00dfer Automobilkonzerne geh\u00f6rt. Andererseits, die setzen Millionen f\u00fcr die Forschung ein, vielleicht haben die Recht? \ud83d\ude42 Also, [&hellip;]<\/p>\n","protected":false},"author":1,"featured_media":0,"comment_status":"open","ping_status":"open","sticky":false,"template":"","format":"standard","meta":[],"categories":[35,17],"tags":[],"_links":{"self":[{"href":"https:\/\/classics.report\/index.php?rest_route=\/wp\/v2\/posts\/3817"}],"collection":[{"href":"https:\/\/classics.report\/index.php?rest_route=\/wp\/v2\/posts"}],"about":[{"href":"https:\/\/classics.report\/index.php?rest_route=\/wp\/v2\/types\/post"}],"author":[{"embeddable":true,"href":"https:\/\/classics.report\/index.php?rest_route=\/wp\/v2\/users\/1"}],"replies":[{"embeddable":true,"href":"https:\/\/classics.report\/index.php?rest_route=%2Fwp%2Fv2%2Fcomments&post=3817"}],"version-history":[{"count":134,"href":"https:\/\/classics.report\/index.php?rest_route=\/wp\/v2\/posts\/3817\/revisions"}],"predecessor-version":[{"id":6334,"href":"https:\/\/classics.report\/index.php?rest_route=\/wp\/v2\/posts\/3817\/revisions\/6334"}],"wp:attachment":[{"href":"https:\/\/classics.report\/index.php?rest_route=%2Fwp%2Fv2%2Fmedia&parent=3817"}],"wp:term":[{"taxonomy":"category","embeddable":true,"href":"https:\/\/classics.report\/index.php?rest_route=%2Fwp%2Fv2%2Fcategories&post=3817"},{"taxonomy":"post_tag","embeddable":true,"href":"https:\/\/classics.report\/index.php?rest_route=%2Fwp%2Fv2%2Ftags&post=3817"}],"curies":[{"name":"wp","href":"https:\/\/api.w.org\/{rel}","templated":true}]}}