{"id":2651,"date":"2017-05-04T10:04:00","date_gmt":"2017-05-04T10:04:00","guid":{"rendered":"http:\/\/classics.report\/?p=2651"},"modified":"2018-08-03T08:04:13","modified_gmt":"2018-08-03T08:04:13","slug":"924-einfach-keil","status":"publish","type":"post","link":"https:\/\/classics.report\/?p=2651","title":{"rendered":"924 &#8211; neue deutsche Welle"},"content":{"rendered":"<p><a href=\"https:\/\/classics.report\/wp-content\/uploads\/2017\/04\/IMG_6815.jpg\"><img decoding=\"async\" loading=\"lazy\" class=\"alignnone size-medium wp-image-2679\" src=\"https:\/\/classics.report\/wp-content\/uploads\/2017\/04\/IMG_6815-300x200.jpg\" alt=\"IMG_6815\" width=\"300\" height=\"200\" srcset=\"https:\/\/classics.report\/wp-content\/uploads\/2017\/04\/IMG_6815-300x200.jpg 300w, https:\/\/classics.report\/wp-content\/uploads\/2017\/04\/IMG_6815-1024x683.jpg 1024w, https:\/\/classics.report\/wp-content\/uploads\/2017\/04\/IMG_6815-624x416.jpg 624w, https:\/\/classics.report\/wp-content\/uploads\/2017\/04\/IMG_6815.jpg 1728w\" sizes=\"(max-width: 300px) 100vw, 300px\" \/><\/a> <a href=\"https:\/\/classics.report\/wp-content\/uploads\/2017\/04\/IMG_6846.jpg\"><img decoding=\"async\" loading=\"lazy\" class=\"alignnone size-medium wp-image-2686\" src=\"https:\/\/classics.report\/wp-content\/uploads\/2017\/04\/IMG_6846-300x200.jpg\" alt=\"IMG_6846\" width=\"300\" height=\"200\" srcset=\"https:\/\/classics.report\/wp-content\/uploads\/2017\/04\/IMG_6846-300x200.jpg 300w, https:\/\/classics.report\/wp-content\/uploads\/2017\/04\/IMG_6846-1024x683.jpg 1024w, https:\/\/classics.report\/wp-content\/uploads\/2017\/04\/IMG_6846-624x416.jpg 624w, https:\/\/classics.report\/wp-content\/uploads\/2017\/04\/IMG_6846.jpg 1728w\" sizes=\"(max-width: 300px) 100vw, 300px\" \/><\/a><\/p>\n<p>Eine Karosserie, eine Linienf\u00fchrung die sich grundlegend von allen bis dahin gebauten Porsche-Sportwagen unterscheidet. Ein weiteres Novum bei Porsche im Jahr 1976: ein wassergek\u00fchlter Frontmotor, der heute noch in der Szene zur Diskussion Anlass gibt.<br \/>\n<em>&#8222;Der Motor stammt ja aus einem Audi.<\/em>&#8220; So, oder so \u00e4hnlich h\u00f6ren es die 924-Fahrer nur zu oft. Aber genauer steht es u.a. in der Oldtimer-Markt von 2\/2016, <em>Besser Wissen mit Wolfgang Blaube<\/em>. Der Motor EA 831 stammt eigentlich aus dem VW LT (Typ 28 oder gro\u00dfer Bulli) und ging da 1975 mit 75 PS in Serie. Ein Jahr sp\u00e4ter begann die Produktion des Porsche 924, wo der OHC-Motor jetzt leistungsgesteigerte 125 PS als Einspritzer mit Bosch K-Jetronic (Verdichtung 9,3:1) lieferte. Und erst danach, weitere 7 Monate sp\u00e4ter, kam der Audi 100 (Typ 43) mit ebenjenem 2 Liter-Motor auf den Markt (mit 115 PS). In der o.g. <em>Klugschei\u00dfer-Rubrik<\/em>\u00a0 ist die Herkunft des Triebwerks noch pr\u00e4ziser hergeleitet.<\/p>\n<p><a href=\"https:\/\/classics.report\/wp-content\/uploads\/2017\/04\/IMG_6825.jpg\"><img decoding=\"async\" loading=\"lazy\" class=\"alignnone size-medium wp-image-2685\" src=\"https:\/\/classics.report\/wp-content\/uploads\/2017\/04\/IMG_6825-300x200.jpg\" alt=\"IMG_6825\" width=\"300\" height=\"200\" srcset=\"https:\/\/classics.report\/wp-content\/uploads\/2017\/04\/IMG_6825-300x200.jpg 300w, https:\/\/classics.report\/wp-content\/uploads\/2017\/04\/IMG_6825-1024x683.jpg 1024w, https:\/\/classics.report\/wp-content\/uploads\/2017\/04\/IMG_6825-624x416.jpg 624w, https:\/\/classics.report\/wp-content\/uploads\/2017\/04\/IMG_6825.jpg 1728w\" sizes=\"(max-width: 300px) 100vw, 300px\" \/><\/a> <a href=\"https:\/\/classics.report\/wp-content\/uploads\/2017\/04\/IMG_6818.jpg\"><img decoding=\"async\" loading=\"lazy\" class=\"alignnone size-medium wp-image-2680\" src=\"https:\/\/classics.report\/wp-content\/uploads\/2017\/04\/IMG_6818-300x200.jpg\" alt=\"IMG_6818\" width=\"300\" height=\"200\" srcset=\"https:\/\/classics.report\/wp-content\/uploads\/2017\/04\/IMG_6818-300x200.jpg 300w, https:\/\/classics.report\/wp-content\/uploads\/2017\/04\/IMG_6818-1024x683.jpg 1024w, https:\/\/classics.report\/wp-content\/uploads\/2017\/04\/IMG_6818-624x416.jpg 624w, https:\/\/classics.report\/wp-content\/uploads\/2017\/04\/IMG_6818.jpg 1728w\" sizes=\"(max-width: 300px) 100vw, 300px\" \/><\/a><\/p>\n<p>Aber egal, meinen ersten indischroten 924 (4 alte Bilder s.o.) habe ich in bestem Erhaltungszustand 2009 verkauft <em>&#8211; bl\u00f6de!<\/em><\/p>\n<p>&nbsp;<\/p>\n<p>Anfang 2017 habe ich wieder nach 924ern geguckt. Bei Rick Burgers in NL fand ich im Februar einen neuen 924 &#8211; einen <em>Zwilling<\/em> aus 1985 (letztes Produktionsjahr f\u00fcr den 924 2L 125 PS). Der Karosseriezustand war gut, die technische \u00dcberarbeitung war nach erster Beurteilung \u00fcberschaubar, Turbo-Felgen waren dabei usw. Der Deal war perfekt, als er mir noch eine <em>Pascha<\/em>-Innenausstattung anbieten konnte (<em>Schachbrett- oder Zielflaggen<\/em> Porsche-Velour-Stoff, Artikelbezeichung <em>Pascha<\/em>).<\/p>\n<p><a href=\"https:\/\/classics.report\/wp-content\/uploads\/2017\/05\/16681630_1318168961607925_1132988122829568604_n1.jpg\"><img decoding=\"async\" loading=\"lazy\" class=\"alignnone size-medium wp-image-2792\" src=\"https:\/\/classics.report\/wp-content\/uploads\/2017\/05\/16681630_1318168961607925_1132988122829568604_n1-300x169.jpg\" alt=\"16681630_1318168961607925_1132988122829568604_n[1]\" width=\"300\" height=\"169\" srcset=\"https:\/\/classics.report\/wp-content\/uploads\/2017\/05\/16681630_1318168961607925_1132988122829568604_n1-300x169.jpg 300w, https:\/\/classics.report\/wp-content\/uploads\/2017\/05\/16681630_1318168961607925_1132988122829568604_n1-624x351.jpg 624w, https:\/\/classics.report\/wp-content\/uploads\/2017\/05\/16681630_1318168961607925_1132988122829568604_n1.jpg 960w\" sizes=\"(max-width: 300px) 100vw, 300px\" \/><\/a><a href=\"https:\/\/classics.report\/wp-content\/uploads\/2017\/04\/IMG-20170225-WA0001.jpg\"> <img decoding=\"async\" loading=\"lazy\" class=\"alignnone size-medium wp-image-2660\" src=\"https:\/\/classics.report\/wp-content\/uploads\/2017\/04\/IMG-20170225-WA0001-300x169.jpg\" alt=\"IMG-20170225-WA0001\" width=\"300\" height=\"169\" srcset=\"https:\/\/classics.report\/wp-content\/uploads\/2017\/04\/IMG-20170225-WA0001-300x169.jpg 300w, https:\/\/classics.report\/wp-content\/uploads\/2017\/04\/IMG-20170225-WA0001-1024x576.jpg 1024w, https:\/\/classics.report\/wp-content\/uploads\/2017\/04\/IMG-20170225-WA0001-624x351.jpg 624w, https:\/\/classics.report\/wp-content\/uploads\/2017\/04\/IMG-20170225-WA0001.jpg 1328w\" sizes=\"(max-width: 300px) 100vw, 300px\" \/><\/a><\/p>\n<p>Dieser Porsche kam als Gebrauchtwagen 1994 in die Niederlande. Meine Exportpapiere von NL zur\u00fcck nach Deutschland sind jetzt auf den 28.02.2017 datiert, da habe ich ihn abgeholt.<\/p>\n<p><a href=\"https:\/\/classics.report\/wp-content\/uploads\/2017\/05\/16998867_1329522343805920_3311617894844124201_n1.jpg\"><img decoding=\"async\" loading=\"lazy\" class=\"alignnone size-medium wp-image-2791\" src=\"https:\/\/classics.report\/wp-content\/uploads\/2017\/05\/16998867_1329522343805920_3311617894844124201_n1-300x169.jpg\" alt=\"16998867_1329522343805920_3311617894844124201_n[1]\" width=\"300\" height=\"169\" srcset=\"https:\/\/classics.report\/wp-content\/uploads\/2017\/05\/16998867_1329522343805920_3311617894844124201_n1-300x169.jpg 300w, https:\/\/classics.report\/wp-content\/uploads\/2017\/05\/16998867_1329522343805920_3311617894844124201_n1-624x351.jpg 624w, https:\/\/classics.report\/wp-content\/uploads\/2017\/05\/16998867_1329522343805920_3311617894844124201_n1.jpg 960w\" sizes=\"(max-width: 300px) 100vw, 300px\" \/><\/a><a href=\"https:\/\/classics.report\/wp-content\/uploads\/2017\/04\/20170228_125356.jpg\"> <img decoding=\"async\" loading=\"lazy\" class=\"alignnone size-medium wp-image-2655\" src=\"https:\/\/classics.report\/wp-content\/uploads\/2017\/04\/20170228_125356-300x169.jpg\" alt=\"20170228_125356\" width=\"300\" height=\"169\" srcset=\"https:\/\/classics.report\/wp-content\/uploads\/2017\/04\/20170228_125356-300x169.jpg 300w, https:\/\/classics.report\/wp-content\/uploads\/2017\/04\/20170228_125356-1024x576.jpg 1024w, https:\/\/classics.report\/wp-content\/uploads\/2017\/04\/20170228_125356-624x351.jpg 624w, https:\/\/classics.report\/wp-content\/uploads\/2017\/04\/20170228_125356.jpg 1280w\" sizes=\"(max-width: 300px) 100vw, 300px\" \/><\/a><\/p>\n<p>Zuhause angekommen, konnte ich die aufgerissenen Sitze gleich dem Sattler geben. Er konnte alles in Ordnung bringen, neue Texledereinfassungen auf den Sitzfl\u00e4chen waren f\u00e4llig, der originale <em>Pascha<\/em>-Stoff in hellgrau\/schwarz ist f\u00fcr die Festigkeit neu hintern\u00e4ht worden.<\/p>\n<p>Aber bei einem Porsche mit Standsch\u00e4den geht es mit den Reparaturen weiter. Die Schw\u00e4chen waren bereits beim Kauf offensichtlich und so stand noch einiges auf dem Arbeitsplan. F\u00fcr den Fahrspass muss die Technik an allererster Stelle tadellos funktionieren, weitere Sch\u00f6nheitsreparaturen sind erst einmal sekund\u00e4r. D.h.:<\/p>\n<ul>\n<li style=\"list-style-type: none;\">\n<ul>\n<li style=\"list-style-type: none;\">\n<ul>\n<li>Bremsanlage vorn komplett neu inkl. Bremssattelreparaturen, neue Bremsfl\u00fcssigkeit,<\/li>\n<li>Zahnriemen, Wasserpumpe, Spannrolle, Antriebsriemen erneuern,<\/li>\n<li>Oel-, Luft- und Benzinfilterwechsel, Oelservice, &#8230;., Z\u00fcndkerzen, &#8230;.<\/li>\n<\/ul>\n<\/li>\n<\/ul>\n<\/li>\n<\/ul>\n<p><a href=\"https:\/\/classics.report\/wp-content\/uploads\/2017\/04\/20170310_121216.jpg\"><img decoding=\"async\" loading=\"lazy\" class=\"alignnone size-medium wp-image-2665\" src=\"https:\/\/classics.report\/wp-content\/uploads\/2017\/04\/20170310_121216-300x169.jpg\" alt=\"20170310_121216\" width=\"300\" height=\"169\" srcset=\"https:\/\/classics.report\/wp-content\/uploads\/2017\/04\/20170310_121216-300x169.jpg 300w, https:\/\/classics.report\/wp-content\/uploads\/2017\/04\/20170310_121216-1024x576.jpg 1024w, https:\/\/classics.report\/wp-content\/uploads\/2017\/04\/20170310_121216-624x351.jpg 624w, https:\/\/classics.report\/wp-content\/uploads\/2017\/04\/20170310_121216.jpg 1280w\" sizes=\"(max-width: 300px) 100vw, 300px\" \/><\/a><a href=\"https:\/\/classics.report\/wp-content\/uploads\/2017\/04\/20170410_145312.jpg\"> <img decoding=\"async\" loading=\"lazy\" class=\"alignnone size-medium wp-image-2666\" src=\"https:\/\/classics.report\/wp-content\/uploads\/2017\/04\/20170410_145312-300x169.jpg\" alt=\"20170410_145312\" width=\"300\" height=\"169\" srcset=\"https:\/\/classics.report\/wp-content\/uploads\/2017\/04\/20170410_145312-300x169.jpg 300w, https:\/\/classics.report\/wp-content\/uploads\/2017\/04\/20170410_145312-1024x576.jpg 1024w, https:\/\/classics.report\/wp-content\/uploads\/2017\/04\/20170410_145312-624x351.jpg 624w, https:\/\/classics.report\/wp-content\/uploads\/2017\/04\/20170410_145312.jpg 1280w\" sizes=\"(max-width: 300px) 100vw, 300px\" \/><\/a><\/p>\n<ul>\n<li>K\u00fchlerreparatur (K\u00fchlernetz leckte, \u00fcberholt vom Profi in Paderborn, K\u00fchlerbau Klipstein),<\/li>\n<li>Bosch-Warmlaufregler (keine Gasannahme beim Kaltstart m\u00f6glich); ein revidiertes Ersatzteil sollte Abhilfe schaffen; doch das angeblich general\u00fcberholte Ersatzteil von einem Anbieter aus HH war auch defekt; der urspr\u00fcngliche Regler wurde bei Auto K\u00f6sters in Horstmar \u00fcberholt,<\/li>\n<li>Bosch-Ersatzteil Zusatzluftschieber ausgetauscht, ein Gebrauchtteil von einem anderen Online-Anbieter funktionierte.<\/li>\n<\/ul>\n<p><a href=\"https:\/\/classics.report\/wp-content\/uploads\/2017\/05\/20170504_092345.jpg\"> <img decoding=\"async\" loading=\"lazy\" class=\"alignnone size-medium wp-image-2733\" src=\"https:\/\/classics.report\/wp-content\/uploads\/2017\/05\/20170504_092345-300x169.jpg\" alt=\"20170504_092345\" width=\"300\" height=\"169\" srcset=\"https:\/\/classics.report\/wp-content\/uploads\/2017\/05\/20170504_092345-300x169.jpg 300w, https:\/\/classics.report\/wp-content\/uploads\/2017\/05\/20170504_092345-1024x576.jpg 1024w, https:\/\/classics.report\/wp-content\/uploads\/2017\/05\/20170504_092345-624x351.jpg 624w\" sizes=\"(max-width: 300px) 100vw, 300px\" \/><\/a><a href=\"https:\/\/classics.report\/wp-content\/uploads\/2017\/04\/20170410_145226.jpg\"> <img decoding=\"async\" loading=\"lazy\" class=\"alignnone size-medium wp-image-2667\" src=\"https:\/\/classics.report\/wp-content\/uploads\/2017\/04\/20170410_145226-300x169.jpg\" alt=\"20170410_145226\" width=\"300\" height=\"169\" srcset=\"https:\/\/classics.report\/wp-content\/uploads\/2017\/04\/20170410_145226-300x169.jpg 300w, https:\/\/classics.report\/wp-content\/uploads\/2017\/04\/20170410_145226-1024x576.jpg 1024w, https:\/\/classics.report\/wp-content\/uploads\/2017\/04\/20170410_145226-624x351.jpg 624w, https:\/\/classics.report\/wp-content\/uploads\/2017\/04\/20170410_145226.jpg 1280w\" sizes=\"(max-width: 300px) 100vw, 300px\" \/><\/a><a href=\"https:\/\/classics.report\/wp-content\/uploads\/2017\/04\/Warmlaufreglerx.jpg\"> <img decoding=\"async\" loading=\"lazy\" class=\"alignnone wp-image-2669\" src=\"https:\/\/classics.report\/wp-content\/uploads\/2017\/04\/Warmlaufreglerx-300x185.jpg\" alt=\"Warmlaufreglerx\" width=\"276\" height=\"170\" srcset=\"https:\/\/classics.report\/wp-content\/uploads\/2017\/04\/Warmlaufreglerx-300x185.jpg 300w, https:\/\/classics.report\/wp-content\/uploads\/2017\/04\/Warmlaufreglerx-1024x630.jpg 1024w, https:\/\/classics.report\/wp-content\/uploads\/2017\/04\/Warmlaufreglerx-624x384.jpg 624w, https:\/\/classics.report\/wp-content\/uploads\/2017\/04\/Warmlaufreglerx.jpg 1575w\" sizes=\"(max-width: 276px) 100vw, 276px\" \/><\/a>\u00a0 <a href=\"https:\/\/classics.report\/wp-content\/uploads\/2017\/05\/Unbenannt.jpg\"><img decoding=\"async\" loading=\"lazy\" class=\"alignnone wp-image-2721\" src=\"https:\/\/classics.report\/wp-content\/uploads\/2017\/05\/Unbenannt-300x169.jpg\" alt=\"Unbenannt\" width=\"302\" height=\"170\" srcset=\"https:\/\/classics.report\/wp-content\/uploads\/2017\/05\/Unbenannt-300x169.jpg 300w, https:\/\/classics.report\/wp-content\/uploads\/2017\/05\/Unbenannt-624x351.jpg 624w, https:\/\/classics.report\/wp-content\/uploads\/2017\/05\/Unbenannt.jpg 783w\" sizes=\"(max-width: 302px) 100vw, 302px\" \/><\/a><\/p>\n<p>Und seit gestern (3. Mai) ist er nach vermutlich vielen Jahren Standzeit wieder einsatzbereit. Probefahrt f\u00e4llig! Der Motor hat einen guten Oeldruck und nimmt das Gas wieder problemlos an. Startverhalten im kalten und warmen Zustand gut, unauff\u00e4llig. Das Getriebe singt minimal wenn er auf Touren kommt, aber kein zu behebendes Manko, nichts Beunruhigendes. Das Transaxle-Auto, mit dem Motor vorn, Getriebe hinten, dazwischen eine Welle mit Motordrehzahlen in einem starr verbundenen Tragrohr, ist agil, l\u00e4\u00dft sich problemlos durch alle G\u00e4nge schalten und zeigt Sportwagenqualit\u00e4ten bei flotter Fahrt auf der kurvigen Landstra\u00dfe. <em>Bei den alten Dingern wird dieses Gef\u00fchl ja schon bei Geschwindigkeiten vermittelt, wo moderne Sportwagen schon lange den doppelten Tachowert erreicht haben.<\/em><\/p>\n<p>Der Mief der letzten Jahre kommt jetzt aus allen Bel\u00fcftungsd\u00fcsen, aber nach einigen Kilometern und durchgel\u00fcfteter Heizung legt sich das, <em>einen Wunderbaum bekommt er nicht!<\/em> Tats\u00e4chlich ist der 924 noch zu gebrauchen, das war im Februar noch nicht so klar, aber jetzt macht es wieder Spa\u00df mit ihm zu fahren.<\/p>\n<p><em><a href=\"https:\/\/classics.report\/wp-content\/uploads\/2017\/05\/20170504_093058.jpg\"><img decoding=\"async\" loading=\"lazy\" class=\"alignnone size-medium wp-image-2737\" src=\"https:\/\/classics.report\/wp-content\/uploads\/2017\/05\/20170504_093058-300x169.jpg\" alt=\"20170504_093058\" width=\"300\" height=\"169\" srcset=\"https:\/\/classics.report\/wp-content\/uploads\/2017\/05\/20170504_093058-300x169.jpg 300w, https:\/\/classics.report\/wp-content\/uploads\/2017\/05\/20170504_093058-1024x576.jpg 1024w, https:\/\/classics.report\/wp-content\/uploads\/2017\/05\/20170504_093058-624x351.jpg 624w\" sizes=\"(max-width: 300px) 100vw, 300px\" \/><\/a><\/em> <a href=\"https:\/\/classics.report\/wp-content\/uploads\/2017\/05\/20170504_092120.jpg\"><img decoding=\"async\" loading=\"lazy\" class=\"alignnone size-medium wp-image-2744\" src=\"https:\/\/classics.report\/wp-content\/uploads\/2017\/05\/20170504_092120-300x169.jpg\" alt=\"20170504_092120\" width=\"300\" height=\"169\" srcset=\"https:\/\/classics.report\/wp-content\/uploads\/2017\/05\/20170504_092120-300x169.jpg 300w, https:\/\/classics.report\/wp-content\/uploads\/2017\/05\/20170504_092120-1024x576.jpg 1024w, https:\/\/classics.report\/wp-content\/uploads\/2017\/05\/20170504_092120-624x351.jpg 624w\" sizes=\"(max-width: 300px) 100vw, 300px\" \/><\/a><em><a href=\"https:\/\/classics.report\/wp-content\/uploads\/2017\/05\/20170504_093242.jpg\"><img decoding=\"async\" loading=\"lazy\" class=\"alignnone size-medium wp-image-2738\" src=\"https:\/\/classics.report\/wp-content\/uploads\/2017\/05\/20170504_093242-300x169.jpg\" alt=\"20170504_093242\" width=\"300\" height=\"169\" srcset=\"https:\/\/classics.report\/wp-content\/uploads\/2017\/05\/20170504_093242-300x169.jpg 300w, https:\/\/classics.report\/wp-content\/uploads\/2017\/05\/20170504_093242-1024x576.jpg 1024w, https:\/\/classics.report\/wp-content\/uploads\/2017\/05\/20170504_093242-624x351.jpg 624w\" sizes=\"(max-width: 300px) 100vw, 300px\" \/><\/a><a href=\"https:\/\/classics.report\/wp-content\/uploads\/2017\/05\/20170504_092715.jpg\"> <img decoding=\"async\" loading=\"lazy\" class=\"alignnone size-medium wp-image-2739\" src=\"https:\/\/classics.report\/wp-content\/uploads\/2017\/05\/20170504_092715-300x169.jpg\" alt=\"20170504_092715\" width=\"300\" height=\"169\" srcset=\"https:\/\/classics.report\/wp-content\/uploads\/2017\/05\/20170504_092715-300x169.jpg 300w, https:\/\/classics.report\/wp-content\/uploads\/2017\/05\/20170504_092715-1024x576.jpg 1024w, https:\/\/classics.report\/wp-content\/uploads\/2017\/05\/20170504_092715-624x351.jpg 624w\" sizes=\"(max-width: 300px) 100vw, 300px\" \/><\/a><\/em><em><a href=\"https:\/\/classics.report\/wp-content\/uploads\/2017\/05\/20170504_092606.jpg\"><img decoding=\"async\" loading=\"lazy\" class=\"alignnone size-medium wp-image-2741\" src=\"https:\/\/classics.report\/wp-content\/uploads\/2017\/05\/20170504_092606-300x169.jpg\" alt=\"20170504_092606\" width=\"300\" height=\"169\" srcset=\"https:\/\/classics.report\/wp-content\/uploads\/2017\/05\/20170504_092606-300x169.jpg 300w, https:\/\/classics.report\/wp-content\/uploads\/2017\/05\/20170504_092606-1024x576.jpg 1024w, https:\/\/classics.report\/wp-content\/uploads\/2017\/05\/20170504_092606-624x351.jpg 624w\" sizes=\"(max-width: 300px) 100vw, 300px\" \/><\/a><\/em> <a href=\"https:\/\/classics.report\/wp-content\/uploads\/2017\/05\/20170504_092541.jpg\"><img decoding=\"async\" loading=\"lazy\" class=\"alignnone size-medium wp-image-2743\" src=\"https:\/\/classics.report\/wp-content\/uploads\/2017\/05\/20170504_092541-300x169.jpg\" alt=\"20170504_092541\" width=\"300\" height=\"169\" srcset=\"https:\/\/classics.report\/wp-content\/uploads\/2017\/05\/20170504_092541-300x169.jpg 300w, https:\/\/classics.report\/wp-content\/uploads\/2017\/05\/20170504_092541-1024x576.jpg 1024w, https:\/\/classics.report\/wp-content\/uploads\/2017\/05\/20170504_092541-624x351.jpg 624w\" sizes=\"(max-width: 300px) 100vw, 300px\" \/><\/a><a href=\"https:\/\/classics.report\/wp-content\/uploads\/2017\/05\/20170504_092109.jpg\"> <img decoding=\"async\" loading=\"lazy\" class=\"alignnone size-medium wp-image-2732\" src=\"https:\/\/classics.report\/wp-content\/uploads\/2017\/05\/20170504_092109-300x169.jpg\" alt=\"20170504_092109\" width=\"300\" height=\"169\" srcset=\"https:\/\/classics.report\/wp-content\/uploads\/2017\/05\/20170504_092109-300x169.jpg 300w, https:\/\/classics.report\/wp-content\/uploads\/2017\/05\/20170504_092109-1024x576.jpg 1024w, https:\/\/classics.report\/wp-content\/uploads\/2017\/05\/20170504_092109-624x351.jpg 624w\" sizes=\"(max-width: 300px) 100vw, 300px\" \/><\/a><a href=\"https:\/\/classics.report\/wp-content\/uploads\/2017\/05\/20170504_092517.jpg\"> <img decoding=\"async\" loading=\"lazy\" class=\"alignnone size-medium wp-image-2745\" src=\"https:\/\/classics.report\/wp-content\/uploads\/2017\/05\/20170504_092517-300x169.jpg\" alt=\"20170504_092517\" width=\"300\" height=\"169\" srcset=\"https:\/\/classics.report\/wp-content\/uploads\/2017\/05\/20170504_092517-300x169.jpg 300w, https:\/\/classics.report\/wp-content\/uploads\/2017\/05\/20170504_092517-1024x576.jpg 1024w, https:\/\/classics.report\/wp-content\/uploads\/2017\/05\/20170504_092517-624x351.jpg 624w\" sizes=\"(max-width: 300px) 100vw, 300px\" \/><\/a> <em><a href=\"https:\/\/classics.report\/wp-content\/uploads\/2017\/05\/20170504_095031.jpg\"><img decoding=\"async\" loading=\"lazy\" class=\"alignnone size-medium wp-image-2742\" src=\"https:\/\/classics.report\/wp-content\/uploads\/2017\/05\/20170504_095031-300x169.jpg\" alt=\"20170504_095031\" width=\"300\" height=\"169\" srcset=\"https:\/\/classics.report\/wp-content\/uploads\/2017\/05\/20170504_095031-300x169.jpg 300w, https:\/\/classics.report\/wp-content\/uploads\/2017\/05\/20170504_095031-1024x576.jpg 1024w, https:\/\/classics.report\/wp-content\/uploads\/2017\/05\/20170504_095031-624x351.jpg 624w\" sizes=\"(max-width: 300px) 100vw, 300px\" \/><\/a><\/em><em><a href=\"https:\/\/classics.report\/wp-content\/uploads\/2017\/05\/20170504_092654.jpg\"> <img decoding=\"async\" loading=\"lazy\" class=\"alignnone size-medium wp-image-2740\" src=\"https:\/\/classics.report\/wp-content\/uploads\/2017\/05\/20170504_092654-300x169.jpg\" alt=\"20170504_092654\" width=\"300\" height=\"169\" srcset=\"https:\/\/classics.report\/wp-content\/uploads\/2017\/05\/20170504_092654-300x169.jpg 300w, https:\/\/classics.report\/wp-content\/uploads\/2017\/05\/20170504_092654-1024x576.jpg 1024w, https:\/\/classics.report\/wp-content\/uploads\/2017\/05\/20170504_092654-624x351.jpg 624w\" sizes=\"(max-width: 300px) 100vw, 300px\" \/><\/a><\/em><\/p>\n<p>Der Wegstreckenmesser zeigt jetzt km 21.190 (f\u00fcnfstellige Anzeige), was vor der 2 steht &#8211; keine Ahnung. Ich habe ihm nach der Wiederinbetriebnahme ein neues\/altes Serviceheft spendiert und eine erste Service-Eintragung im 2. Leben als automobiler Klassiker dokumentiert.<\/p>\n<p><a href=\"https:\/\/classics.report\/wp-content\/uploads\/2017\/05\/20170504_144516.jpg\"><img decoding=\"async\" loading=\"lazy\" class=\"alignnone size-medium wp-image-2759\" src=\"https:\/\/classics.report\/wp-content\/uploads\/2017\/05\/20170504_144516-300x225.jpg\" alt=\"20170504_144516\" width=\"300\" height=\"225\" srcset=\"https:\/\/classics.report\/wp-content\/uploads\/2017\/05\/20170504_144516-300x225.jpg 300w, https:\/\/classics.report\/wp-content\/uploads\/2017\/05\/20170504_144516-1024x768.jpg 1024w, https:\/\/classics.report\/wp-content\/uploads\/2017\/05\/20170504_144516-624x468.jpg 624w\" sizes=\"(max-width: 300px) 100vw, 300px\" \/><\/a><a href=\"https:\/\/classics.report\/wp-content\/uploads\/2017\/05\/20170504_144537.jpg\"> <img decoding=\"async\" loading=\"lazy\" class=\"alignnone size-medium wp-image-2760\" src=\"https:\/\/classics.report\/wp-content\/uploads\/2017\/05\/20170504_144537-300x225.jpg\" alt=\"20170504_144537\" width=\"300\" height=\"225\" srcset=\"https:\/\/classics.report\/wp-content\/uploads\/2017\/05\/20170504_144537-300x225.jpg 300w, https:\/\/classics.report\/wp-content\/uploads\/2017\/05\/20170504_144537-1024x768.jpg 1024w, https:\/\/classics.report\/wp-content\/uploads\/2017\/05\/20170504_144537-624x468.jpg 624w\" sizes=\"(max-width: 300px) 100vw, 300px\" \/><\/a><\/p>\n<p>Und hier noch ein link\u00a0 <span style=\"color: #000080;\"><a style=\"color: #000080;\" href=\"http:\/\/www.werk924.com\/\">www.werk924.com<\/a><\/span>.\u00a0 Gefunden bei meinen Recherchen zum Thema 924 &#8211; zu empfehlen.<\/p>\n<p><em>PS:<\/em> der mauritius-blaue 924 ist noch hinzugekommen, deshalb hat der rote Porsche 924 jetzt einen neuen Besitzer in Berlin gefunden.<\/p>\n<p><a href=\"https:\/\/classics.report\/wp-content\/uploads\/2017\/05\/IMG-20170528-WA0005.jpeg\"><img decoding=\"async\" loading=\"lazy\" class=\"alignnone size-medium wp-image-2933\" src=\"https:\/\/classics.report\/wp-content\/uploads\/2017\/05\/IMG-20170528-WA0005-300x169.jpeg\" alt=\"IMG-20170528-WA0005\" width=\"300\" height=\"169\" srcset=\"https:\/\/classics.report\/wp-content\/uploads\/2017\/05\/IMG-20170528-WA0005-300x169.jpeg 300w, https:\/\/classics.report\/wp-content\/uploads\/2017\/05\/IMG-20170528-WA0005-1024x576.jpeg 1024w, https:\/\/classics.report\/wp-content\/uploads\/2017\/05\/IMG-20170528-WA0005-624x351.jpeg 624w\" sizes=\"(max-width: 300px) 100vw, 300px\" \/><\/a><a href=\"https:\/\/classics.report\/wp-content\/uploads\/2017\/05\/20170530_102443.jpg\">\u00a0<\/a><a href=\"https:\/\/classics.report\/wp-content\/uploads\/2017\/05\/20170602_083613.jpg\"> <img decoding=\"async\" loading=\"lazy\" class=\"alignnone size-medium wp-image-2944\" src=\"https:\/\/classics.report\/wp-content\/uploads\/2017\/05\/20170602_083613-300x169.jpg\" alt=\"20170602_083613\" width=\"300\" height=\"169\" srcset=\"https:\/\/classics.report\/wp-content\/uploads\/2017\/05\/20170602_083613-300x169.jpg 300w, https:\/\/classics.report\/wp-content\/uploads\/2017\/05\/20170602_083613-1024x576.jpg 1024w, https:\/\/classics.report\/wp-content\/uploads\/2017\/05\/20170602_083613-624x351.jpg 624w\" sizes=\"(max-width: 300px) 100vw, 300px\" \/><\/a><a href=\"https:\/\/classics.report\/wp-content\/uploads\/2017\/05\/20170602_081639.jpg\"><img decoding=\"async\" loading=\"lazy\" class=\"alignnone size-large wp-image-2943\" src=\"https:\/\/classics.report\/wp-content\/uploads\/2017\/05\/20170602_081639-1024x576.jpg\" alt=\"20170602_081639\" width=\"625\" height=\"352\" srcset=\"https:\/\/classics.report\/wp-content\/uploads\/2017\/05\/20170602_081639-1024x576.jpg 1024w, https:\/\/classics.report\/wp-content\/uploads\/2017\/05\/20170602_081639-300x169.jpg 300w, https:\/\/classics.report\/wp-content\/uploads\/2017\/05\/20170602_081639-624x351.jpg 624w\" sizes=\"(max-width: 625px) 100vw, 625px\" \/><\/a><\/p>\n<p><em>PPS:<\/em> M\u00fcnster-Classics 2018 &#8211; Zusammentreffen mit einem <em>Landesbediensteten<\/em><\/p>\n<p><a href=\"https:\/\/classics.report\/wp-content\/uploads\/2018\/06\/20180610_152823.jpg\"><img decoding=\"async\" loading=\"lazy\" class=\"alignnone size-full wp-image-6146\" src=\"https:\/\/classics.report\/wp-content\/uploads\/2018\/06\/20180610_152823.jpg\" alt=\"\" width=\"4128\" height=\"2322\" srcset=\"https:\/\/classics.report\/wp-content\/uploads\/2018\/06\/20180610_152823.jpg 4128w, https:\/\/classics.report\/wp-content\/uploads\/2018\/06\/20180610_152823-300x169.jpg 300w, https:\/\/classics.report\/wp-content\/uploads\/2018\/06\/20180610_152823-768x432.jpg 768w, https:\/\/classics.report\/wp-content\/uploads\/2018\/06\/20180610_152823-1024x576.jpg 1024w, https:\/\/classics.report\/wp-content\/uploads\/2018\/06\/20180610_152823-624x351.jpg 624w\" sizes=\"(max-width: 4128px) 100vw, 4128px\" \/><\/a><\/p>\n","protected":false},"excerpt":{"rendered":"<p>Eine Karosserie, eine Linienf\u00fchrung die sich grundlegend von allen bis dahin gebauten Porsche-Sportwagen unterscheidet. Ein weiteres Novum bei Porsche im Jahr 1976: ein wassergek\u00fchlter Frontmotor, der heute noch in der Szene zur Diskussion Anlass gibt. &#8222;Der Motor stammt ja aus einem Audi.&#8220; So, oder so \u00e4hnlich h\u00f6ren es die 924-Fahrer nur zu oft. Aber genauer [&hellip;]<\/p>\n","protected":false},"author":1,"featured_media":0,"comment_status":"open","ping_status":"open","sticky":false,"template":"","format":"standard","meta":[],"categories":[11,22],"tags":[],"_links":{"self":[{"href":"https:\/\/classics.report\/index.php?rest_route=\/wp\/v2\/posts\/2651"}],"collection":[{"href":"https:\/\/classics.report\/index.php?rest_route=\/wp\/v2\/posts"}],"about":[{"href":"https:\/\/classics.report\/index.php?rest_route=\/wp\/v2\/types\/post"}],"author":[{"embeddable":true,"href":"https:\/\/classics.report\/index.php?rest_route=\/wp\/v2\/users\/1"}],"replies":[{"embeddable":true,"href":"https:\/\/classics.report\/index.php?rest_route=%2Fwp%2Fv2%2Fcomments&post=2651"}],"version-history":[{"count":90,"href":"https:\/\/classics.report\/index.php?rest_route=\/wp\/v2\/posts\/2651\/revisions"}],"predecessor-version":[{"id":6200,"href":"https:\/\/classics.report\/index.php?rest_route=\/wp\/v2\/posts\/2651\/revisions\/6200"}],"wp:attachment":[{"href":"https:\/\/classics.report\/index.php?rest_route=%2Fwp%2Fv2%2Fmedia&parent=2651"}],"wp:term":[{"taxonomy":"category","embeddable":true,"href":"https:\/\/classics.report\/index.php?rest_route=%2Fwp%2Fv2%2Fcategories&post=2651"},{"taxonomy":"post_tag","embeddable":true,"href":"https:\/\/classics.report\/index.php?rest_route=%2Fwp%2Fv2%2Ftags&post=2651"}],"curies":[{"name":"wp","href":"https:\/\/api.w.org\/{rel}","templated":true}]}}